{"id":49786,"date":"2022-01-24T06:07:30","date_gmt":"2022-01-24T05:07:30","guid":{"rendered":"https:\/\/rna.ao\/rna.ao\/?p=49786"},"modified":"2022-01-24T06:13:20","modified_gmt":"2022-01-24T05:13:20","slug":"governo-do-uige-quer-acabar-com-progressao-de-ravinas-no-municipio-do-quimbele","status":"publish","type":"post","link":"https:\/\/rna.ao\/rna.ao\/2022\/01\/24\/governo-do-uige-quer-acabar-com-progressao-de-ravinas-no-municipio-do-quimbele\/","title":{"rendered":"Governo do U\u00edge quer acabar com progress\u00e3o de ravinas no Munic\u00edpio do Quimbele"},"content":{"rendered":"<p><img loading=\"lazy\" class=\"size-full wp-image-49788 alignleft\" src=\"https:\/\/rna.ao\/rna.ao\/wp-content\/uploads\/2022\/01\/Ravinas-Quimbele.jpg\" alt=\"\" width=\"287\" height=\"176\" \/>O Governo da Prov\u00edncia do U\u00edge quer acabar com a progress\u00e3o de ravinas, no Munic\u00edpio do Quimbele. Entretanto, a preocupa\u00e7\u00e3o est\u00e1 no n\u00famero de meios t\u00e9cnicos ao dispor do Governo local, para levar a cabo a empreitada. Saiba mais dados, no \u00e1udio abaixo, com o rep\u00f3rter Anast\u00e1cio Sim\u00e3o:<\/p>\n\t<div class=\"qtmplayer-playlist-large\">\n\t\t<ul class=\"qtmplayer-playlist\">\n\t\t\t\n\t\t\t\t\t<li class=\"qtmplayer-trackitem\">\n\t\t<img src=\"https:\/\/rna.ao\/rna.ao\/wp-content\/uploads\/2022\/01\/Ravinas-Quimbele-100x100.jpg\" alt=\"cover\">\t\t<span \t\t\tdata-qtmplayer-cover=\"https:\/\/rna.ao\/rna.ao\/wp-content\/uploads\/2022\/01\/Ravinas-Quimbele.jpg\"\n\t\t\t\t\t\tdata-qtmplayer-file=\"https:\/\/rna.ao\/rna.ao\/wp-content\/uploads\/2022\/01\/UIJE-RAVINAS-06HRS.mp3\"\n\t\t\t\t\t\tdata-qtmplayer-title=\"Governo do U\u00edge quer acabar com progress\u00e3o de ravinas no Munic\u00edpio do Quimbele\"\n\t\t\t\t\t\tdata-qtmplayer-artist=\"RNA\"\n\t\t\t\t\t\tdata-qtmplayer-link=\"https:\/\/rna.ao\/rna.ao\/2022\/01\/24\/governo-do-uige-quer-acabar-com-progressao-de-ravinas-no-municipio-do-quimbele\/\"\n\t\t\t\t\t\tdata-qtmplayer-icon=\"file_download\"\n\t\t\t\t\t\tdata-qtmplayer-type=\"track\"\n\t\t\t class=\"qtmplayer-play qtmplayer-link-sec qtmplayer-play-btn\"><i class='material-icons'>play_arrow<\/i><\/span>\n\t\t<p>\n\t\t\t<span class=\"qtmplayer-tit\">Governo do U\u00edge quer acabar com progress\u00e3o de ravinas no Munic\u00edpio do Quimbele<\/span>\n\t\t\t<span class=\"qtmplayer-art\">RNA<\/span>\n\t\t<\/p>\n\t<\/li>\n\t\t<\/ul>\n\t<\/div>\t\t\t\n\t\n<p>Fonte: RNA<\/p>\n","protected":false},"excerpt":{"rendered":"<p>O Governo da Prov\u00edncia do U\u00edge quer acabar com a progress\u00e3o de ravinas, no Munic\u00edpio do Quimbele. Entretanto, a preocupa\u00e7\u00e3o est\u00e1 no n\u00famero de meios t\u00e9cnicos ao dispor do Governo local, para levar a cabo a empreitada. Saiba mais dados, no \u00e1udio abaixo, com o rep\u00f3rter Anast\u00e1cio Sim\u00e3o: Fonte: RNA<\/p>\n","protected":false},"author":8,"featured_media":49788,"comment_status":"closed","ping_status":"closed","sticky":false,"template":"","format":"standard","meta":[],"categories":[142,121,163],"tags":[],"_links":{"self":[{"href":"https:\/\/rna.ao\/rna.ao\/wp-json\/wp\/v2\/posts\/49786"}],"collection":[{"href":"https:\/\/rna.ao\/rna.ao\/wp-json\/wp\/v2\/posts"}],"about":[{"href":"https:\/\/rna.ao\/rna.ao\/wp-json\/wp\/v2\/types\/post"}],"author":[{"embeddable":true,"href":"https:\/\/rna.ao\/rna.ao\/wp-json\/wp\/v2\/users\/8"}],"replies":[{"embeddable":true,"href":"https:\/\/rna.ao\/rna.ao\/wp-json\/wp\/v2\/comments?post=49786"}],"version-history":[{"count":1,"href":"https:\/\/rna.ao\/rna.ao\/wp-json\/wp\/v2\/posts\/49786\/revisions"}],"predecessor-version":[{"id":49789,"href":"https:\/\/rna.ao\/rna.ao\/wp-json\/wp\/v2\/posts\/49786\/revisions\/49789"}],"wp:featuredmedia":[{"embeddable":true,"href":"https:\/\/rna.ao\/rna.ao\/wp-json\/wp\/v2\/media\/49788"}],"wp:attachment":[{"href":"https:\/\/rna.ao\/rna.ao\/wp-json\/wp\/v2\/media?parent=49786"}],"wp:term":[{"taxonomy":"category","embeddable":true,"href":"https:\/\/rna.ao\/rna.ao\/wp-json\/wp\/v2\/categories?post=49786"},{"taxonomy":"post_tag","embeddable":true,"href":"https:\/\/rna.ao\/rna.ao\/wp-json\/wp\/v2\/tags?post=49786"}],"curies":[{"name":"wp","href":"https:\/\/api.w.org\/{rel}","templated":true}]}}