{"id":49777,"date":"2022-01-24T06:00:05","date_gmt":"2022-01-24T05:00:05","guid":{"rendered":"https:\/\/rna.ao\/rna.ao\/?p=49777"},"modified":"2022-01-24T06:00:05","modified_gmt":"2022-01-24T05:00:05","slug":"kwenda-vai-beneficiar-mais-de-quatro-mil-familias-de-dois-municipios-do-bengo","status":"publish","type":"post","link":"https:\/\/rna.ao\/rna.ao\/2022\/01\/24\/kwenda-vai-beneficiar-mais-de-quatro-mil-familias-de-dois-municipios-do-bengo\/","title":{"rendered":"Kwenda vai beneficiar mais de quatro mil fam\u00edlias de dois Munic\u00edpios do Bengo"},"content":{"rendered":"<p><img loading=\"lazy\" class=\"wp-image-16892 aligncenter\" src=\"https:\/\/rna.ao\/rna.ao\/wp-content\/uploads\/2021\/02\/Kwenda-3.jpg\" alt=\"\" width=\"784\" height=\"522\" \/>Mais de quatro mil fam\u00edlias dos Munic\u00edpios do Bula Atumba e Nambuangongo, na Prov\u00edncia do Bengo, come\u00e7am a beneficiar, em breve, do Kwenda. O respons\u00e1vel do Fundo de Apoio Social, na Prov\u00edncia, avan\u00e7a que contam cadastrar mais de treze mil fam\u00edlias, para beneficiar do Programa de Transfer\u00eancias Monet\u00e1rias. Ou\u00e7a, no \u00e1udio abaixo, toda informa\u00e7\u00e3o com a rep\u00f3rter Ana Maria:<\/p>\n\t<div class=\"qtmplayer-playlist-large\">\n\t\t<ul class=\"qtmplayer-playlist\">\n\t\t\t\n\t\t\t\t\t<li class=\"qtmplayer-trackitem\">\n\t\t<img src=\"https:\/\/rna.ao\/rna.ao\/wp-content\/uploads\/2021\/02\/Kwenda-3-100x100.jpg\" alt=\"cover\">\t\t<span \t\t\tdata-qtmplayer-cover=\"https:\/\/rna.ao\/rna.ao\/wp-content\/uploads\/2021\/02\/Kwenda-3-370x370.jpg\"\n\t\t\t\t\t\tdata-qtmplayer-file=\"https:\/\/rna.ao\/rna.ao\/wp-content\/uploads\/2022\/01\/ANA-MARIA-KWENDA-06HRS.mp3\"\n\t\t\t\t\t\tdata-qtmplayer-title=\"Kwenda vai beneficiar mais de quatro mil fam\u00edlias de dois Munic\u00edpios do Bengo\"\n\t\t\t\t\t\tdata-qtmplayer-artist=\"RNA\"\n\t\t\t\t\t\tdata-qtmplayer-link=\"https:\/\/rna.ao\/rna.ao\/2022\/01\/24\/kwenda-vai-beneficiar-mais-de-quatro-mil-familias-de-dois-municipios-do-bengo\/\"\n\t\t\t\t\t\tdata-qtmplayer-icon=\"file_download\"\n\t\t\t\t\t\tdata-qtmplayer-type=\"track\"\n\t\t\t class=\"qtmplayer-play qtmplayer-link-sec qtmplayer-play-btn\"><i class='material-icons'>play_arrow<\/i><\/span>\n\t\t<p>\n\t\t\t<span class=\"qtmplayer-tit\">Kwenda vai beneficiar mais de quatro mil fam\u00edlias de dois Munic\u00edpios do Bengo<\/span>\n\t\t\t<span class=\"qtmplayer-art\">RNA<\/span>\n\t\t<\/p>\n\t<\/li>\n\t\t<\/ul>\n\t<\/div>\t\t\t\n\t\n<p>Fonte: RNA<\/p>\n","protected":false},"excerpt":{"rendered":"<p>Mais de quatro mil fam\u00edlias dos Munic\u00edpios do Bula Atumba e Nambuangongo, na Prov\u00edncia do Bengo, come\u00e7am a beneficiar, em breve, do Kwenda. O respons\u00e1vel do Fundo de Apoio Social, na Prov\u00edncia, avan\u00e7a que contam cadastrar mais de treze mil fam\u00edlias, para beneficiar do Programa de Transfer\u00eancias Monet\u00e1rias. Ou\u00e7a, no ...<\/p>\n","protected":false},"author":8,"featured_media":16892,"comment_status":"closed","ping_status":"closed","sticky":false,"template":"","format":"standard","meta":[],"categories":[142,121,163],"tags":[],"_links":{"self":[{"href":"https:\/\/rna.ao\/rna.ao\/wp-json\/wp\/v2\/posts\/49777"}],"collection":[{"href":"https:\/\/rna.ao\/rna.ao\/wp-json\/wp\/v2\/posts"}],"about":[{"href":"https:\/\/rna.ao\/rna.ao\/wp-json\/wp\/v2\/types\/post"}],"author":[{"embeddable":true,"href":"https:\/\/rna.ao\/rna.ao\/wp-json\/wp\/v2\/users\/8"}],"replies":[{"embeddable":true,"href":"https:\/\/rna.ao\/rna.ao\/wp-json\/wp\/v2\/comments?post=49777"}],"version-history":[{"count":1,"href":"https:\/\/rna.ao\/rna.ao\/wp-json\/wp\/v2\/posts\/49777\/revisions"}],"predecessor-version":[{"id":49781,"href":"https:\/\/rna.ao\/rna.ao\/wp-json\/wp\/v2\/posts\/49777\/revisions\/49781"}],"wp:featuredmedia":[{"embeddable":true,"href":"https:\/\/rna.ao\/rna.ao\/wp-json\/wp\/v2\/media\/16892"}],"wp:attachment":[{"href":"https:\/\/rna.ao\/rna.ao\/wp-json\/wp\/v2\/media?parent=49777"}],"wp:term":[{"taxonomy":"category","embeddable":true,"href":"https:\/\/rna.ao\/rna.ao\/wp-json\/wp\/v2\/categories?post=49777"},{"taxonomy":"post_tag","embeddable":true,"href":"https:\/\/rna.ao\/rna.ao\/wp-json\/wp\/v2\/tags?post=49777"}],"curies":[{"name":"wp","href":"https:\/\/api.w.org\/{rel}","templated":true}]}}