{"id":49750,"date":"2022-01-23T09:19:06","date_gmt":"2022-01-23T08:19:06","guid":{"rendered":"https:\/\/rna.ao\/rna.ao\/?p=49750"},"modified":"2022-01-23T10:04:12","modified_gmt":"2022-01-23T09:04:12","slug":"festival-de-musica-tradicional-agendado-para-fevereiro-na-capital-do-pais","status":"publish","type":"post","link":"https:\/\/rna.ao\/rna.ao\/2022\/01\/23\/festival-de-musica-tradicional-agendado-para-fevereiro-na-capital-do-pais\/","title":{"rendered":"Festival de M\u00fasica Tradicional agendado para Fevereiro na capital do pa\u00eds"},"content":{"rendered":"<p><img loading=\"lazy\" class=\"size-full wp-image-49752 alignleft\" src=\"https:\/\/rna.ao\/rna.ao\/wp-content\/uploads\/2022\/01\/download-15.jpg\" alt=\"\" width=\"317\" height=\"159\" \/>Acontece em Fevereiro, deste ano, o Festival de M\u00fasica Tradicional, que visa homenagear o programa &#8220;Balumuka&#8221;, da R\u00e1dio Luanda. O festival, que decorrer\u00e1 de 24 a 27 do pr\u00f3ximo m\u00eas, tem como objectivo valorizar os instrumentos musicais tradicionais. Ou\u00e7a, no \u00e1udio abaixo, a rep\u00f3rter Rosa Lemos com mais desenvolvimento:<\/p>\n\t<div class=\"qtmplayer-playlist-large\">\n\t\t<ul class=\"qtmplayer-playlist\">\n\t\t\t\n\t\t\t\t\t<li class=\"qtmplayer-trackitem\">\n\t\t<img src=\"https:\/\/rna.ao\/rna.ao\/wp-content\/uploads\/2022\/01\/download-15-100x100.jpg\" alt=\"cover\">\t\t<span \t\t\tdata-qtmplayer-cover=\"https:\/\/rna.ao\/rna.ao\/wp-content\/uploads\/2022\/01\/download-15.jpg\"\n\t\t\t\t\t\tdata-qtmplayer-file=\"https:\/\/rna.ao\/rna.ao\/wp-content\/uploads\/2022\/01\/ROSA-LEMOS-20-HRS.mp3\"\n\t\t\t\t\t\tdata-qtmplayer-title=\"Festival de M\u00fasica Tradicional agendado para Fevereiro na capital do pa\u00eds\"\n\t\t\t\t\t\tdata-qtmplayer-artist=\"RNA\"\n\t\t\t\t\t\tdata-qtmplayer-link=\"https:\/\/rna.ao\/rna.ao\/2022\/01\/23\/festival-de-musica-tradicional-agendado-para-fevereiro-na-capital-do-pais\/\"\n\t\t\t\t\t\tdata-qtmplayer-icon=\"file_download\"\n\t\t\t\t\t\tdata-qtmplayer-type=\"track\"\n\t\t\t class=\"qtmplayer-play qtmplayer-link-sec qtmplayer-play-btn\"><i class='material-icons'>play_arrow<\/i><\/span>\n\t\t<p>\n\t\t\t<span class=\"qtmplayer-tit\">Festival de M\u00fasica Tradicional agendado para Fevereiro na capital do pa\u00eds<\/span>\n\t\t\t<span class=\"qtmplayer-art\">RNA<\/span>\n\t\t<\/p>\n\t<\/li>\n\t\t<\/ul>\n\t<\/div>\t\t\t\n\t\n<p>Fonte: RNA<\/p>\n","protected":false},"excerpt":{"rendered":"<p>Acontece em Fevereiro, deste ano, o Festival de M\u00fasica Tradicional, que visa homenagear o programa &#8220;Balumuka&#8221;, da R\u00e1dio Luanda. O festival, que decorrer\u00e1 de 24 a 27 do pr\u00f3ximo m\u00eas, tem como objectivo valorizar os instrumentos musicais tradicionais. Ou\u00e7a, no \u00e1udio abaixo, a rep\u00f3rter Rosa Lemos com mais desenvolvimento: Fonte: ...<\/p>\n","protected":false},"author":8,"featured_media":49752,"comment_status":"closed","ping_status":"closed","sticky":false,"template":"","format":"standard","meta":[],"categories":[141,133,163],"tags":[],"_links":{"self":[{"href":"https:\/\/rna.ao\/rna.ao\/wp-json\/wp\/v2\/posts\/49750"}],"collection":[{"href":"https:\/\/rna.ao\/rna.ao\/wp-json\/wp\/v2\/posts"}],"about":[{"href":"https:\/\/rna.ao\/rna.ao\/wp-json\/wp\/v2\/types\/post"}],"author":[{"embeddable":true,"href":"https:\/\/rna.ao\/rna.ao\/wp-json\/wp\/v2\/users\/8"}],"replies":[{"embeddable":true,"href":"https:\/\/rna.ao\/rna.ao\/wp-json\/wp\/v2\/comments?post=49750"}],"version-history":[{"count":2,"href":"https:\/\/rna.ao\/rna.ao\/wp-json\/wp\/v2\/posts\/49750\/revisions"}],"predecessor-version":[{"id":49771,"href":"https:\/\/rna.ao\/rna.ao\/wp-json\/wp\/v2\/posts\/49750\/revisions\/49771"}],"wp:featuredmedia":[{"embeddable":true,"href":"https:\/\/rna.ao\/rna.ao\/wp-json\/wp\/v2\/media\/49752"}],"wp:attachment":[{"href":"https:\/\/rna.ao\/rna.ao\/wp-json\/wp\/v2\/media?parent=49750"}],"wp:term":[{"taxonomy":"category","embeddable":true,"href":"https:\/\/rna.ao\/rna.ao\/wp-json\/wp\/v2\/categories?post=49750"},{"taxonomy":"post_tag","embeddable":true,"href":"https:\/\/rna.ao\/rna.ao\/wp-json\/wp\/v2\/tags?post=49750"}],"curies":[{"name":"wp","href":"https:\/\/api.w.org\/{rel}","templated":true}]}}