{"id":49742,"date":"2022-01-23T08:41:35","date_gmt":"2022-01-23T07:41:35","guid":{"rendered":"https:\/\/rna.ao\/rna.ao\/?p=49742"},"modified":"2022-01-23T09:00:21","modified_gmt":"2022-01-23T08:00:21","slug":"restricoes-impostas-pela-covid-19-condicionam-realizacao-do-desfile-central-do-carnaval-na-marginal-de-luanda","status":"publish","type":"post","link":"https:\/\/rna.ao\/rna.ao\/2022\/01\/23\/restricoes-impostas-pela-covid-19-condicionam-realizacao-do-desfile-central-do-carnaval-na-marginal-de-luanda\/","title":{"rendered":"Restri\u00e7\u00f5es impostas pela Covid-19 condicionam realiza\u00e7\u00e3o do desfile central do Carnaval na Marginal de Luanda"},"content":{"rendered":"<p><img loading=\"lazy\" class=\"size-full wp-image-17330 alignleft\" src=\"https:\/\/rna.ao\/rna.ao\/wp-content\/uploads\/2021\/02\/Carnaval-promo.jpg\" alt=\"\" width=\"288\" height=\"173\" \/>O desfile de carnaval, deste ano, na Marginal de Luanda, pode n\u00e3o acontecer devido \u00e0s restri\u00e7\u00f5es impostas pela Covid-19. Mas, existe por parte da organiza\u00e7\u00e3o a inten\u00e7\u00e3o da realiza\u00e7\u00e3o de um espet\u00e1culo de carnaval, com n\u00famero reduzido de grupos e sem p\u00fablico. Saiba mais, no \u00e1udio abaixo, com o rep\u00f3rter Hil\u00e1rio Jo\u00e3o:<\/p>\n\t<div class=\"qtmplayer-playlist-large\">\n\t\t<ul class=\"qtmplayer-playlist\">\n\t\t\t\n\t\t\t\t\t<li class=\"qtmplayer-trackitem\">\n\t\t<img src=\"https:\/\/rna.ao\/rna.ao\/wp-content\/uploads\/2021\/02\/Carnaval-promo-100x100.jpg\" alt=\"cover\">\t\t<span \t\t\tdata-qtmplayer-cover=\"https:\/\/rna.ao\/rna.ao\/wp-content\/uploads\/2021\/02\/Carnaval-promo.jpg\"\n\t\t\t\t\t\tdata-qtmplayer-file=\"https:\/\/rna.ao\/rna.ao\/wp-content\/uploads\/2022\/01\/HILARIO-JOAO-CARNAVAL-00-HRS.mp3\"\n\t\t\t\t\t\tdata-qtmplayer-title=\"Restri\u00e7\u00f5es impostas pela Covid-19 condicionam realiza\u00e7\u00e3o do desfile central do Carnaval na Marginal de Luanda\"\n\t\t\t\t\t\tdata-qtmplayer-artist=\"RNA\"\n\t\t\t\t\t\tdata-qtmplayer-link=\"https:\/\/rna.ao\/rna.ao\/2022\/01\/23\/restricoes-impostas-pela-covid-19-condicionam-realizacao-do-desfile-central-do-carnaval-na-marginal-de-luanda\/\"\n\t\t\t\t\t\tdata-qtmplayer-icon=\"file_download\"\n\t\t\t\t\t\tdata-qtmplayer-type=\"track\"\n\t\t\t class=\"qtmplayer-play qtmplayer-link-sec qtmplayer-play-btn\"><i class='material-icons'>play_arrow<\/i><\/span>\n\t\t<p>\n\t\t\t<span class=\"qtmplayer-tit\">Restri\u00e7\u00f5es impostas pela Covid-19 condicionam realiza\u00e7\u00e3o do desfile central do Carnaval na Marginal de Luanda<\/span>\n\t\t\t<span class=\"qtmplayer-art\">RNA<\/span>\n\t\t<\/p>\n\t<\/li>\n\t\t<\/ul>\n\t<\/div>\t\t\t\n\t\n<p>Fonte: RNA<\/p>\n","protected":false},"excerpt":{"rendered":"<p>O desfile de carnaval, deste ano, na Marginal de Luanda, pode n\u00e3o acontecer devido \u00e0s restri\u00e7\u00f5es impostas pela Covid-19. Mas, existe por parte da organiza\u00e7\u00e3o a inten\u00e7\u00e3o da realiza\u00e7\u00e3o de um espet\u00e1culo de carnaval, com n\u00famero reduzido de grupos e sem p\u00fablico. Saiba mais, no \u00e1udio abaixo, com o rep\u00f3rter ...<\/p>\n","protected":false},"author":8,"featured_media":17330,"comment_status":"closed","ping_status":"closed","sticky":false,"template":"","format":"standard","meta":[],"categories":[142,121,163],"tags":[],"_links":{"self":[{"href":"https:\/\/rna.ao\/rna.ao\/wp-json\/wp\/v2\/posts\/49742"}],"collection":[{"href":"https:\/\/rna.ao\/rna.ao\/wp-json\/wp\/v2\/posts"}],"about":[{"href":"https:\/\/rna.ao\/rna.ao\/wp-json\/wp\/v2\/types\/post"}],"author":[{"embeddable":true,"href":"https:\/\/rna.ao\/rna.ao\/wp-json\/wp\/v2\/users\/8"}],"replies":[{"embeddable":true,"href":"https:\/\/rna.ao\/rna.ao\/wp-json\/wp\/v2\/comments?post=49742"}],"version-history":[{"count":1,"href":"https:\/\/rna.ao\/rna.ao\/wp-json\/wp\/v2\/posts\/49742\/revisions"}],"predecessor-version":[{"id":49744,"href":"https:\/\/rna.ao\/rna.ao\/wp-json\/wp\/v2\/posts\/49742\/revisions\/49744"}],"wp:featuredmedia":[{"embeddable":true,"href":"https:\/\/rna.ao\/rna.ao\/wp-json\/wp\/v2\/media\/17330"}],"wp:attachment":[{"href":"https:\/\/rna.ao\/rna.ao\/wp-json\/wp\/v2\/media?parent=49742"}],"wp:term":[{"taxonomy":"category","embeddable":true,"href":"https:\/\/rna.ao\/rna.ao\/wp-json\/wp\/v2\/categories?post=49742"},{"taxonomy":"post_tag","embeddable":true,"href":"https:\/\/rna.ao\/rna.ao\/wp-json\/wp\/v2\/tags?post=49742"}],"curies":[{"name":"wp","href":"https:\/\/api.w.org\/{rel}","templated":true}]}}