{"id":49729,"date":"2022-01-23T08:44:03","date_gmt":"2022-01-23T07:44:03","guid":{"rendered":"https:\/\/rna.ao\/rna.ao\/?p=49729"},"modified":"2022-01-23T08:44:03","modified_gmt":"2022-01-23T07:44:03","slug":"froteira-entre-angola-e-namibia-podera-ser-reaberta-a-1-de-fevereiro-depois-de-2-anos-encerrada","status":"publish","type":"post","link":"https:\/\/rna.ao\/rna.ao\/2022\/01\/23\/froteira-entre-angola-e-namibia-podera-ser-reaberta-a-1-de-fevereiro-depois-de-2-anos-encerrada\/","title":{"rendered":"Froteira entre Angola e Nam\u00edbia poder\u00e1 ser reaberta a 1 de Fevereiro, depois de 2 anos encerrada"},"content":{"rendered":"<p><img loading=\"lazy\" class=\"size-medium wp-image-49732 aligncenter\" src=\"https:\/\/rna.ao\/rna.ao\/wp-content\/uploads\/2022\/01\/272301650_655608195887930_8038983324666846351_n-770x513.jpg\" alt=\"\" width=\"770\" height=\"513\" srcset=\"https:\/\/rna.ao\/rna.ao\/wp-content\/uploads\/2022\/01\/272301650_655608195887930_8038983324666846351_n-770x513.jpg 770w, https:\/\/rna.ao\/rna.ao\/wp-content\/uploads\/2022\/01\/272301650_655608195887930_8038983324666846351_n-768x512.jpg 768w, https:\/\/rna.ao\/rna.ao\/wp-content\/uploads\/2022\/01\/272301650_655608195887930_8038983324666846351_n.jpg 960w\" sizes=\"(max-width: 770px) 100vw, 770px\" \/>A Fronteira entre as Rep\u00fablicas de Angola e da Nam\u00edbia vai ser reaberta a 01 de Fevereiro, depois de 2 anos encerrada devido \u00e0 pandemia da Covid-19. O Ministro de Estado e Chefe da Casa Militar do Presidente da Rep\u00fablica, Pereira Furtado, trabalha na regi\u00e3o do Cuando Cubango, e reafirma o empenho do Governo de Angola, no controlo da Covid-19. Clique, no \u00e1udio abaixo, e ou\u00e7a mais dados com o rep\u00f3rter Leo Adriano:<\/p>\n\t<div class=\"qtmplayer-playlist-large\">\n\t\t<ul class=\"qtmplayer-playlist\">\n\t\t\t\n\t\t\t\t\t<li class=\"qtmplayer-trackitem\">\n\t\t<img src=\"https:\/\/rna.ao\/rna.ao\/wp-content\/uploads\/2022\/01\/272301650_655608195887930_8038983324666846351_n-1-100x100.jpg\" alt=\"cover\">\t\t<span \t\t\tdata-qtmplayer-cover=\"https:\/\/rna.ao\/rna.ao\/wp-content\/uploads\/2022\/01\/272301650_655608195887930_8038983324666846351_n-1.jpg\"\n\t\t\t\t\t\tdata-qtmplayer-file=\"https:\/\/rna.ao\/rna.ao\/wp-content\/uploads\/2022\/01\/CUANDO-CUBANGO-ABERTURA-DA-FRONTEIRA-7-HRS.mp3\"\n\t\t\t\t\t\tdata-qtmplayer-title=\"Froteira entre Angola e Nam\u00edbia poder\u00e1 ser reaberta a 1 de Fevereiro, depois de 2 anos encerrada\"\n\t\t\t\t\t\tdata-qtmplayer-artist=\"RNA\"\n\t\t\t\t\t\tdata-qtmplayer-link=\"https:\/\/rna.ao\/rna.ao\/2022\/01\/23\/froteira-entre-angola-e-namibia-podera-ser-reaberta-a-1-de-fevereiro-depois-de-2-anos-encerrada\/\"\n\t\t\t\t\t\tdata-qtmplayer-icon=\"file_download\"\n\t\t\t\t\t\tdata-qtmplayer-type=\"track\"\n\t\t\t class=\"qtmplayer-play qtmplayer-link-sec qtmplayer-play-btn\"><i class='material-icons'>play_arrow<\/i><\/span>\n\t\t<p>\n\t\t\t<span class=\"qtmplayer-tit\">Froteira entre Angola e Nam\u00edbia poder\u00e1 ser reaberta a 1 de Fevereiro, depois de 2 anos encerrada<\/span>\n\t\t\t<span class=\"qtmplayer-art\">RNA<\/span>\n\t\t<\/p>\n\t<\/li>\n\t\t<\/ul>\n\t<\/div>\t\t\t\n\t\n<p>&nbsp;<\/p>\n<p><img loading=\"lazy\" class=\"size-medium wp-image-49731 aligncenter\" src=\"https:\/\/rna.ao\/rna.ao\/wp-content\/uploads\/2022\/01\/272269195_655608242554592_9127662801058947775_n-770x513.jpg\" alt=\"\" width=\"770\" height=\"513\" srcset=\"https:\/\/rna.ao\/rna.ao\/wp-content\/uploads\/2022\/01\/272269195_655608242554592_9127662801058947775_n-770x513.jpg 770w, https:\/\/rna.ao\/rna.ao\/wp-content\/uploads\/2022\/01\/272269195_655608242554592_9127662801058947775_n-768x512.jpg 768w, https:\/\/rna.ao\/rna.ao\/wp-content\/uploads\/2022\/01\/272269195_655608242554592_9127662801058947775_n.jpg 960w\" sizes=\"(max-width: 770px) 100vw, 770px\" \/><\/p>\n<p>Fonte: RNA:<\/p>\n<p>&nbsp;<\/p>\n","protected":false},"excerpt":{"rendered":"<p>A Fronteira entre as Rep\u00fablicas de Angola e da Nam\u00edbia vai ser reaberta a 01 de Fevereiro, depois de 2 anos encerrada devido \u00e0 pandemia da Covid-19. O Ministro de Estado e Chefe da Casa Militar do Presidente da Rep\u00fablica, Pereira Furtado, trabalha na regi\u00e3o do Cuando Cubango, e reafirma ...<\/p>\n","protected":false},"author":8,"featured_media":49733,"comment_status":"closed","ping_status":"closed","sticky":false,"template":"","format":"standard","meta":[],"categories":[142,121,164,163],"tags":[],"_links":{"self":[{"href":"https:\/\/rna.ao\/rna.ao\/wp-json\/wp\/v2\/posts\/49729"}],"collection":[{"href":"https:\/\/rna.ao\/rna.ao\/wp-json\/wp\/v2\/posts"}],"about":[{"href":"https:\/\/rna.ao\/rna.ao\/wp-json\/wp\/v2\/types\/post"}],"author":[{"embeddable":true,"href":"https:\/\/rna.ao\/rna.ao\/wp-json\/wp\/v2\/users\/8"}],"replies":[{"embeddable":true,"href":"https:\/\/rna.ao\/rna.ao\/wp-json\/wp\/v2\/comments?post=49729"}],"version-history":[{"count":1,"href":"https:\/\/rna.ao\/rna.ao\/wp-json\/wp\/v2\/posts\/49729\/revisions"}],"predecessor-version":[{"id":49734,"href":"https:\/\/rna.ao\/rna.ao\/wp-json\/wp\/v2\/posts\/49729\/revisions\/49734"}],"wp:featuredmedia":[{"embeddable":true,"href":"https:\/\/rna.ao\/rna.ao\/wp-json\/wp\/v2\/media\/49733"}],"wp:attachment":[{"href":"https:\/\/rna.ao\/rna.ao\/wp-json\/wp\/v2\/media?parent=49729"}],"wp:term":[{"taxonomy":"category","embeddable":true,"href":"https:\/\/rna.ao\/rna.ao\/wp-json\/wp\/v2\/categories?post=49729"},{"taxonomy":"post_tag","embeddable":true,"href":"https:\/\/rna.ao\/rna.ao\/wp-json\/wp\/v2\/tags?post=49729"}],"curies":[{"name":"wp","href":"https:\/\/api.w.org\/{rel}","templated":true}]}}