{"id":49723,"date":"2022-01-21T20:53:39","date_gmt":"2022-01-21T19:53:39","guid":{"rendered":"https:\/\/rna.ao\/rna.ao\/?p=49723"},"modified":"2022-01-21T20:53:39","modified_gmt":"2022-01-21T19:53:39","slug":"pr-abordou-com-principe-herdeiro-dos-eau-reforco-das-relacoes-bilaterais","status":"publish","type":"post","link":"https:\/\/rna.ao\/rna.ao\/2022\/01\/21\/pr-abordou-com-principe-herdeiro-dos-eau-reforco-das-relacoes-bilaterais\/","title":{"rendered":"PR abordou com Pr\u00edncipe herdeiro dos EAU refor\u00e7o das rela\u00e7\u00f5es bilaterais"},"content":{"rendered":"<div class=\"kvgmc6g5 cxmmr5t8 oygrvhab hcukyx3x c1et5uql ii04i59q\">\n<div dir=\"auto\"><img loading=\"lazy\" class=\" wp-image-49724 alignleft\" src=\"https:\/\/rna.ao\/rna.ao\/wp-content\/uploads\/2022\/01\/272305105_296239235888110_7414128430667027250_n.jpg\" alt=\"\" width=\"192\" height=\"313\" \/>A meio da tarde desta sexta-feira, 21 de janeiro, o Presidente da Rep\u00fablica, Jo\u00e3o Louren\u00e7o, falou ao telefone com Sua Alteza Mohamed Bin Zayed Al Nayan, Pr\u00edncipe Herdeiro dos Emirados \u00c1rabes Unidos, sobre as rela\u00e7\u00f5es entre os dois pa\u00edses, e a necessidade de se dar continuidade aos entendimentos alcan\u00e7ados aquando da sua recente visita \u00e0quele pa\u00eds do Golfo P\u00e9rsico.<\/div>\n<div dir=\"auto\"><\/div>\n<\/div>\n<div class=\"cxmmr5t8 oygrvhab hcukyx3x c1et5uql o9v6fnle ii04i59q\">\n<div dir=\"auto\">O Presidente Jo\u00e3o Louren\u00e7o aproveitou a ocasi\u00e3o para manifestar a solidariedade do seu Executivo e do Povo angolano ao povo dos Emirados \u00c1rabes Unidos, na sequ\u00eancia dos ataques ao aeroporto de Abu Dhabi, na passada segunda-feira.<\/div>\n<div dir=\"auto\"><\/div>\n<\/div>\n<div class=\"cxmmr5t8 oygrvhab hcukyx3x c1et5uql o9v6fnle ii04i59q\">\n<div dir=\"auto\">Por fim, o Chefe de Estado reiterou o convite para que Sua Alteza o Pr\u00edncipe Herdeiro visite Angola na primeira oportunidade.<\/div>\n<\/div>\n","protected":false},"excerpt":{"rendered":"<p>A meio da tarde desta sexta-feira, 21 de janeiro, o Presidente da Rep\u00fablica, Jo\u00e3o Louren\u00e7o, falou ao telefone com Sua Alteza Mohamed Bin Zayed Al Nayan, Pr\u00edncipe Herdeiro dos Emirados \u00c1rabes Unidos, sobre as rela\u00e7\u00f5es entre os dois pa\u00edses, e a necessidade de se dar continuidade aos entendimentos alcan\u00e7ados aquando ...<\/p>\n","protected":false},"author":8,"featured_media":49725,"comment_status":"closed","ping_status":"closed","sticky":false,"template":"","format":"standard","meta":[],"categories":[121,163],"tags":[],"_links":{"self":[{"href":"https:\/\/rna.ao\/rna.ao\/wp-json\/wp\/v2\/posts\/49723"}],"collection":[{"href":"https:\/\/rna.ao\/rna.ao\/wp-json\/wp\/v2\/posts"}],"about":[{"href":"https:\/\/rna.ao\/rna.ao\/wp-json\/wp\/v2\/types\/post"}],"author":[{"embeddable":true,"href":"https:\/\/rna.ao\/rna.ao\/wp-json\/wp\/v2\/users\/8"}],"replies":[{"embeddable":true,"href":"https:\/\/rna.ao\/rna.ao\/wp-json\/wp\/v2\/comments?post=49723"}],"version-history":[{"count":1,"href":"https:\/\/rna.ao\/rna.ao\/wp-json\/wp\/v2\/posts\/49723\/revisions"}],"predecessor-version":[{"id":49726,"href":"https:\/\/rna.ao\/rna.ao\/wp-json\/wp\/v2\/posts\/49723\/revisions\/49726"}],"wp:featuredmedia":[{"embeddable":true,"href":"https:\/\/rna.ao\/rna.ao\/wp-json\/wp\/v2\/media\/49725"}],"wp:attachment":[{"href":"https:\/\/rna.ao\/rna.ao\/wp-json\/wp\/v2\/media?parent=49723"}],"wp:term":[{"taxonomy":"category","embeddable":true,"href":"https:\/\/rna.ao\/rna.ao\/wp-json\/wp\/v2\/categories?post=49723"},{"taxonomy":"post_tag","embeddable":true,"href":"https:\/\/rna.ao\/rna.ao\/wp-json\/wp\/v2\/tags?post=49723"}],"curies":[{"name":"wp","href":"https:\/\/api.w.org\/{rel}","templated":true}]}}