{"id":49720,"date":"2022-01-21T20:43:16","date_gmt":"2022-01-21T19:43:16","guid":{"rendered":"https:\/\/rna.ao\/rna.ao\/?p=49720"},"modified":"2022-01-21T20:43:16","modified_gmt":"2022-01-21T19:43:16","slug":"unita-recomenda-ao-executivo-a-reforcar-a-campanha-de-sensibilizacao-ao-registo-eleitoral-oficioso","status":"publish","type":"post","link":"https:\/\/rna.ao\/rna.ao\/2022\/01\/21\/unita-recomenda-ao-executivo-a-reforcar-a-campanha-de-sensibilizacao-ao-registo-eleitoral-oficioso\/","title":{"rendered":"UNITA recomenda ao Executivo a refor\u00e7ar a campanha de sensibiliza\u00e7\u00e3o ao Registo Eleitoral Oficioso"},"content":{"rendered":"<p><img loading=\"lazy\" class=\"size-full wp-image-37524 alignleft\" src=\"https:\/\/rna.ao\/rna.ao\/wp-content\/uploads\/2021\/09\/Alvaro-Daniel.jpg\" alt=\"\" width=\"316\" height=\"270\" \/>A UNITA recomenda ao Executivo a refor\u00e7ar a campanha de sensibiliza\u00e7\u00e3o, sobre o Registo Eleitoral Oficioso, nas comunidades. De acordo com o Secret\u00e1rio-Geral da UNITA, \u00e9 preciso transpar\u00eancia na contrata\u00e7\u00e3o das empresas chamadas a intervir no processo, que est\u00e1 em curso dentro e fora do pa\u00eds. Clique, no \u00e1udio abaixo, e ou\u00e7a o rep\u00f3rter Ant\u00f3nio Chocolate com mais dados:<\/p>\n\t<div class=\"qtmplayer-playlist-large\">\n\t\t<ul class=\"qtmplayer-playlist\">\n\t\t\t\n\t\t\t\t\t<li class=\"qtmplayer-trackitem\">\n\t\t<img src=\"https:\/\/rna.ao\/rna.ao\/wp-content\/uploads\/2021\/09\/Alvaro-Daniel-100x100.jpg\" alt=\"cover\">\t\t<span \t\t\tdata-qtmplayer-cover=\"https:\/\/rna.ao\/rna.ao\/wp-content\/uploads\/2021\/09\/Alvaro-Daniel.jpg\"\n\t\t\t\t\t\tdata-qtmplayer-file=\"https:\/\/rna.ao\/rna.ao\/wp-content\/uploads\/2022\/01\/ANTONIO-CHOCOLATE-UNITA-20HS.mp3\"\n\t\t\t\t\t\tdata-qtmplayer-title=\"UNITA recomenda ao Executivo a refor\u00e7ar a campanha de sensibiliza\u00e7\u00e3o ao Registo Eleitoral Oficioso\"\n\t\t\t\t\t\tdata-qtmplayer-artist=\"RNA\"\n\t\t\t\t\t\tdata-qtmplayer-link=\"https:\/\/rna.ao\/rna.ao\/2022\/01\/21\/unita-recomenda-ao-executivo-a-reforcar-a-campanha-de-sensibilizacao-ao-registo-eleitoral-oficioso\/\"\n\t\t\t\t\t\tdata-qtmplayer-icon=\"file_download\"\n\t\t\t\t\t\tdata-qtmplayer-type=\"track\"\n\t\t\t class=\"qtmplayer-play qtmplayer-link-sec qtmplayer-play-btn\"><i class='material-icons'>play_arrow<\/i><\/span>\n\t\t<p>\n\t\t\t<span class=\"qtmplayer-tit\">UNITA recomenda ao Executivo a refor\u00e7ar a campanha de sensibiliza\u00e7\u00e3o ao Registo Eleitoral Oficioso<\/span>\n\t\t\t<span class=\"qtmplayer-art\">RNA<\/span>\n\t\t<\/p>\n\t<\/li>\n\t\t<\/ul>\n\t<\/div>\t\t\t\n\t\n<p>Fonte: RNA<\/p>\n","protected":false},"excerpt":{"rendered":"<p>A UNITA recomenda ao Executivo a refor\u00e7ar a campanha de sensibiliza\u00e7\u00e3o, sobre o Registo Eleitoral Oficioso, nas comunidades. De acordo com o Secret\u00e1rio-Geral da UNITA, \u00e9 preciso transpar\u00eancia na contrata\u00e7\u00e3o das empresas chamadas a intervir no processo, que est\u00e1 em curso dentro e fora do pa\u00eds. Clique, no \u00e1udio abaixo, ...<\/p>\n","protected":false},"author":8,"featured_media":37524,"comment_status":"closed","ping_status":"closed","sticky":false,"template":"","format":"standard","meta":[],"categories":[121,163],"tags":[],"_links":{"self":[{"href":"https:\/\/rna.ao\/rna.ao\/wp-json\/wp\/v2\/posts\/49720"}],"collection":[{"href":"https:\/\/rna.ao\/rna.ao\/wp-json\/wp\/v2\/posts"}],"about":[{"href":"https:\/\/rna.ao\/rna.ao\/wp-json\/wp\/v2\/types\/post"}],"author":[{"embeddable":true,"href":"https:\/\/rna.ao\/rna.ao\/wp-json\/wp\/v2\/users\/8"}],"replies":[{"embeddable":true,"href":"https:\/\/rna.ao\/rna.ao\/wp-json\/wp\/v2\/comments?post=49720"}],"version-history":[{"count":1,"href":"https:\/\/rna.ao\/rna.ao\/wp-json\/wp\/v2\/posts\/49720\/revisions"}],"predecessor-version":[{"id":49722,"href":"https:\/\/rna.ao\/rna.ao\/wp-json\/wp\/v2\/posts\/49720\/revisions\/49722"}],"wp:featuredmedia":[{"embeddable":true,"href":"https:\/\/rna.ao\/rna.ao\/wp-json\/wp\/v2\/media\/37524"}],"wp:attachment":[{"href":"https:\/\/rna.ao\/rna.ao\/wp-json\/wp\/v2\/media?parent=49720"}],"wp:term":[{"taxonomy":"category","embeddable":true,"href":"https:\/\/rna.ao\/rna.ao\/wp-json\/wp\/v2\/categories?post=49720"},{"taxonomy":"post_tag","embeddable":true,"href":"https:\/\/rna.ao\/rna.ao\/wp-json\/wp\/v2\/tags?post=49720"}],"curies":[{"name":"wp","href":"https:\/\/api.w.org\/{rel}","templated":true}]}}