{"id":49715,"date":"2022-01-21T20:38:21","date_gmt":"2022-01-21T19:38:21","guid":{"rendered":"https:\/\/rna.ao\/rna.ao\/?p=49715"},"modified":"2022-01-21T20:38:21","modified_gmt":"2022-01-21T19:38:21","slug":"recebido-pelo-pr-joao-lourenco-director-executivo-da-nepad-considera-encontro-rico-interactivo-e-pragmatico","status":"publish","type":"post","link":"https:\/\/rna.ao\/rna.ao\/2022\/01\/21\/recebido-pelo-pr-joao-lourenco-director-executivo-da-nepad-considera-encontro-rico-interactivo-e-pragmatico\/","title":{"rendered":"Recebido pelo PR Jo\u00e3o Louren\u00e7o, Director Executivo da NEPAD considera encontro \u201crico, interactivo e pragm\u00e1tico\u201d"},"content":{"rendered":"<p><img loading=\"lazy\" class=\"size-medium wp-image-49718 aligncenter\" src=\"https:\/\/rna.ao\/rna.ao\/wp-content\/uploads\/2022\/01\/272186036_296122409233126_6302362863073799188_n-770x513.jpg\" alt=\"\" width=\"770\" height=\"513\" srcset=\"https:\/\/rna.ao\/rna.ao\/wp-content\/uploads\/2022\/01\/272186036_296122409233126_6302362863073799188_n-770x513.jpg 770w, https:\/\/rna.ao\/rna.ao\/wp-content\/uploads\/2022\/01\/272186036_296122409233126_6302362863073799188_n-768x512.jpg 768w, https:\/\/rna.ao\/rna.ao\/wp-content\/uploads\/2022\/01\/272186036_296122409233126_6302362863073799188_n.jpg 960w\" sizes=\"(max-width: 770px) 100vw, 770px\" \/>A Ag\u00eancia de Desenvolvimento da Uni\u00e3o Africana, NEPAD, vai trabalhar com Angola nas \u00e1reas da agricultura e transportes, no sentido de explorar as melhores estrat\u00e9gias de desenvolvimento, destes sectores. O Director Executivo da AUDA-NEPAD foi recebido em audi\u00eancia, pelo Presidente da Rep\u00fablica, e considerou-o proveitoso. Clique, no \u00e1udio abaixo, e saiba mais com a rep\u00f3rter J\u00falia Gon\u00e7alves:<\/p>\n\t<div class=\"qtmplayer-playlist-large\">\n\t\t<ul class=\"qtmplayer-playlist\">\n\t\t\t\n\t\t\t\t\t<li class=\"qtmplayer-trackitem\">\n\t\t<img src=\"https:\/\/rna.ao\/rna.ao\/wp-content\/uploads\/2022\/01\/Ibrahim-Assane-Mayaki-100x100.jpg\" alt=\"cover\">\t\t<span \t\t\tdata-qtmplayer-cover=\"https:\/\/rna.ao\/rna.ao\/wp-content\/uploads\/2022\/01\/Ibrahim-Assane-Mayaki.jpg\"\n\t\t\t\t\t\tdata-qtmplayer-file=\"https:\/\/rna.ao\/rna.ao\/wp-content\/uploads\/2022\/01\/JULIA-GONCALVES-20HS.mp3\"\n\t\t\t\t\t\tdata-qtmplayer-title=\"Recebido pelo PR Jo\u00e3o Louren\u00e7o, Director Executivo da NEPAD considera encontro \u201crico, interactivo e pragm\u00e1tico\u201d\"\n\t\t\t\t\t\tdata-qtmplayer-artist=\"RNA\"\n\t\t\t\t\t\tdata-qtmplayer-link=\"https:\/\/rna.ao\/rna.ao\/2022\/01\/21\/recebido-pelo-pr-joao-lourenco-director-executivo-da-nepad-considera-encontro-rico-interactivo-e-pragmatico\/\"\n\t\t\t\t\t\tdata-qtmplayer-icon=\"file_download\"\n\t\t\t\t\t\tdata-qtmplayer-type=\"track\"\n\t\t\t class=\"qtmplayer-play qtmplayer-link-sec qtmplayer-play-btn\"><i class='material-icons'>play_arrow<\/i><\/span>\n\t\t<p>\n\t\t\t<span class=\"qtmplayer-tit\">Recebido pelo PR Jo\u00e3o Louren\u00e7o, Director Executivo da NEPAD considera encontro \u201crico, interactivo e pragm\u00e1tico\u201d<\/span>\n\t\t\t<span class=\"qtmplayer-art\">RNA<\/span>\n\t\t<\/p>\n\t<\/li>\n\t\t<\/ul>\n\t<\/div>\t\t\t\n\t\n<p>Fonte: RNA<\/p>\n","protected":false},"excerpt":{"rendered":"<p>A Ag\u00eancia de Desenvolvimento da Uni\u00e3o Africana, NEPAD, vai trabalhar com Angola nas \u00e1reas da agricultura e transportes, no sentido de explorar as melhores estrat\u00e9gias de desenvolvimento, destes sectores. O Director Executivo da AUDA-NEPAD foi recebido em audi\u00eancia, pelo Presidente da Rep\u00fablica, e considerou-o proveitoso. Clique, no \u00e1udio abaixo, e ...<\/p>\n","protected":false},"author":8,"featured_media":49717,"comment_status":"closed","ping_status":"closed","sticky":false,"template":"","format":"standard","meta":[],"categories":[121,163],"tags":[],"_links":{"self":[{"href":"https:\/\/rna.ao\/rna.ao\/wp-json\/wp\/v2\/posts\/49715"}],"collection":[{"href":"https:\/\/rna.ao\/rna.ao\/wp-json\/wp\/v2\/posts"}],"about":[{"href":"https:\/\/rna.ao\/rna.ao\/wp-json\/wp\/v2\/types\/post"}],"author":[{"embeddable":true,"href":"https:\/\/rna.ao\/rna.ao\/wp-json\/wp\/v2\/users\/8"}],"replies":[{"embeddable":true,"href":"https:\/\/rna.ao\/rna.ao\/wp-json\/wp\/v2\/comments?post=49715"}],"version-history":[{"count":1,"href":"https:\/\/rna.ao\/rna.ao\/wp-json\/wp\/v2\/posts\/49715\/revisions"}],"predecessor-version":[{"id":49719,"href":"https:\/\/rna.ao\/rna.ao\/wp-json\/wp\/v2\/posts\/49715\/revisions\/49719"}],"wp:featuredmedia":[{"embeddable":true,"href":"https:\/\/rna.ao\/rna.ao\/wp-json\/wp\/v2\/media\/49717"}],"wp:attachment":[{"href":"https:\/\/rna.ao\/rna.ao\/wp-json\/wp\/v2\/media?parent=49715"}],"wp:term":[{"taxonomy":"category","embeddable":true,"href":"https:\/\/rna.ao\/rna.ao\/wp-json\/wp\/v2\/categories?post=49715"},{"taxonomy":"post_tag","embeddable":true,"href":"https:\/\/rna.ao\/rna.ao\/wp-json\/wp\/v2\/tags?post=49715"}],"curies":[{"name":"wp","href":"https:\/\/api.w.org\/{rel}","templated":true}]}}