{"id":49707,"date":"2022-01-21T20:19:27","date_gmt":"2022-01-21T19:19:27","guid":{"rendered":"https:\/\/rna.ao\/rna.ao\/?p=49707"},"modified":"2022-01-21T20:19:27","modified_gmt":"2022-01-21T19:19:27","slug":"precisamos-de-garantir-maior-e-melhor-acesso-ao-credito-a-provincia-do-huambo-manuel-nunes-junior","status":"publish","type":"post","link":"https:\/\/rna.ao\/rna.ao\/2022\/01\/21\/precisamos-de-garantir-maior-e-melhor-acesso-ao-credito-a-provincia-do-huambo-manuel-nunes-junior\/","title":{"rendered":"&#8220;Precisamos de garantir maior e melhor acesso ao cr\u00e9dito \u00e0 Prov\u00edncia do Huambo&#8221;, Manuel Nunes J\u00fanior"},"content":{"rendered":"<p><img loading=\"lazy\" class=\"size-full wp-image-22140 alignleft\" src=\"https:\/\/rna.ao\/rna.ao\/wp-content\/uploads\/2021\/04\/Manuel-Nunes-Junior.jpg\" alt=\"\" width=\"316\" height=\"211\" \/>O Ministro de Estado para a Coordena\u00e7\u00e3o Econ\u00f3mica, Manuel Nunes J\u00fanior, reuniu-se esta sexta-feira, 21 de Janeiro, com a classe empresarial, na Prov\u00edncia do Huambo. Durante o encontro, foram analisadas estrat\u00e9gias para melhorar o acesso \u00e0s linhas de cr\u00e9dito dispon\u00edveis, para apoiar as iniciativas locais. Clique, no \u00e1udio abaixo, e saiba mais na reportagem do Fidel Cust\u00f3dio:<\/p>\n\t<div class=\"qtmplayer-playlist-large\">\n\t\t<ul class=\"qtmplayer-playlist\">\n\t\t\t\n\t\t\t\t\t<li class=\"qtmplayer-trackitem\">\n\t\t<img src=\"https:\/\/rna.ao\/rna.ao\/wp-content\/uploads\/2021\/04\/Manuel-Nunes-Junior-100x100.jpg\" alt=\"cover\">\t\t<span \t\t\tdata-qtmplayer-cover=\"https:\/\/rna.ao\/rna.ao\/wp-content\/uploads\/2021\/04\/Manuel-Nunes-Junior.jpg\"\n\t\t\t\t\t\tdata-qtmplayer-file=\"https:\/\/rna.ao\/rna.ao\/wp-content\/uploads\/2022\/01\/HUAMBO-MINISTRO-20HS.mp3\"\n\t\t\t\t\t\tdata-qtmplayer-title=\"&#8220;Precisamos de garantir maior e melhor acesso ao cr\u00e9dito \u00e0 Prov\u00edncia do Huambo&#8221;, Manuel Nunes J\u00fanior\"\n\t\t\t\t\t\tdata-qtmplayer-artist=\"RNA\"\n\t\t\t\t\t\tdata-qtmplayer-link=\"https:\/\/rna.ao\/rna.ao\/2022\/01\/21\/precisamos-de-garantir-maior-e-melhor-acesso-ao-credito-a-provincia-do-huambo-manuel-nunes-junior\/\"\n\t\t\t\t\t\tdata-qtmplayer-icon=\"file_download\"\n\t\t\t\t\t\tdata-qtmplayer-type=\"track\"\n\t\t\t class=\"qtmplayer-play qtmplayer-link-sec qtmplayer-play-btn\"><i class='material-icons'>play_arrow<\/i><\/span>\n\t\t<p>\n\t\t\t<span class=\"qtmplayer-tit\">&#8220;Precisamos de garantir maior e melhor acesso ao cr\u00e9dito \u00e0 Prov\u00edncia do Huambo&#8221;, Manuel Nunes J\u00fanior<\/span>\n\t\t\t<span class=\"qtmplayer-art\">RNA<\/span>\n\t\t<\/p>\n\t<\/li>\n\t\t<\/ul>\n\t<\/div>\t\t\t\n\t\n<p>Fonte: RNA<\/p>\n","protected":false},"excerpt":{"rendered":"<p>O Ministro de Estado para a Coordena\u00e7\u00e3o Econ\u00f3mica, Manuel Nunes J\u00fanior, reuniu-se esta sexta-feira, 21 de Janeiro, com a classe empresarial, na Prov\u00edncia do Huambo. Durante o encontro, foram analisadas estrat\u00e9gias para melhorar o acesso \u00e0s linhas de cr\u00e9dito dispon\u00edveis, para apoiar as iniciativas locais. Clique, no \u00e1udio abaixo, e ...<\/p>\n","protected":false},"author":8,"featured_media":22140,"comment_status":"closed","ping_status":"closed","sticky":false,"template":"","format":"standard","meta":[],"categories":[121,163],"tags":[],"_links":{"self":[{"href":"https:\/\/rna.ao\/rna.ao\/wp-json\/wp\/v2\/posts\/49707"}],"collection":[{"href":"https:\/\/rna.ao\/rna.ao\/wp-json\/wp\/v2\/posts"}],"about":[{"href":"https:\/\/rna.ao\/rna.ao\/wp-json\/wp\/v2\/types\/post"}],"author":[{"embeddable":true,"href":"https:\/\/rna.ao\/rna.ao\/wp-json\/wp\/v2\/users\/8"}],"replies":[{"embeddable":true,"href":"https:\/\/rna.ao\/rna.ao\/wp-json\/wp\/v2\/comments?post=49707"}],"version-history":[{"count":1,"href":"https:\/\/rna.ao\/rna.ao\/wp-json\/wp\/v2\/posts\/49707\/revisions"}],"predecessor-version":[{"id":49709,"href":"https:\/\/rna.ao\/rna.ao\/wp-json\/wp\/v2\/posts\/49707\/revisions\/49709"}],"wp:featuredmedia":[{"embeddable":true,"href":"https:\/\/rna.ao\/rna.ao\/wp-json\/wp\/v2\/media\/22140"}],"wp:attachment":[{"href":"https:\/\/rna.ao\/rna.ao\/wp-json\/wp\/v2\/media?parent=49707"}],"wp:term":[{"taxonomy":"category","embeddable":true,"href":"https:\/\/rna.ao\/rna.ao\/wp-json\/wp\/v2\/categories?post=49707"},{"taxonomy":"post_tag","embeddable":true,"href":"https:\/\/rna.ao\/rna.ao\/wp-json\/wp\/v2\/tags?post=49707"}],"curies":[{"name":"wp","href":"https:\/\/api.w.org\/{rel}","templated":true}]}}