{"id":49701,"date":"2022-01-21T20:30:34","date_gmt":"2022-01-21T19:30:34","guid":{"rendered":"https:\/\/rna.ao\/rna.ao\/?p=49701"},"modified":"2022-01-21T20:30:34","modified_gmt":"2022-01-21T19:30:34","slug":"gestao-do-terminal-polivalente-do-porto-do-lobito-passa-para-o-consorcio-citic-e-spg","status":"publish","type":"post","link":"https:\/\/rna.ao\/rna.ao\/2022\/01\/21\/gestao-do-terminal-polivalente-do-porto-do-lobito-passa-para-o-consorcio-citic-e-spg\/","title":{"rendered":"Gest\u00e3o do Terminal Polivalente do Porto do Lobito passa para o Consorcio CITIC e SPG"},"content":{"rendered":"<p><img loading=\"lazy\" class=\"size-full wp-image-13067 alignleft\" src=\"https:\/\/rna.ao\/rna.ao\/wp-content\/uploads\/2020\/12\/Porto-do-Lobito.jpg\" alt=\"\" width=\"300\" height=\"152\" \/>O Cons\u00f3rcio CITIC e SPG venceu o concurso p\u00fablico internacional, para concess\u00e3o do terminal polivalente do Porto do Lobito. O Cons\u00f3rcio CITIC e SPG concorreu com um pagamento inicial ao Estado de 100 milh\u00f5es de d\u00f3lares, e um plano de investimento na ordem de 76 milh\u00f5es de d\u00f3lares a realizar ao longo dos 20 anos da concess\u00e3o, dos quais cerca de USD 34 milh\u00f5es ser\u00e3o efectuados com recurso. Ou\u00e7a, no \u00e1udio abaixo, mais dados com a reporter Neusa e Silva:<\/p>\n\t<div class=\"qtmplayer-playlist-large\">\n\t\t<ul class=\"qtmplayer-playlist\">\n\t\t\t\n\t\t\t\t\t<li class=\"qtmplayer-trackitem\">\n\t\t<img src=\"https:\/\/rna.ao\/rna.ao\/wp-content\/uploads\/2020\/12\/Porto-do-Lobito-100x100.jpg\" alt=\"cover\">\t\t<span \t\t\tdata-qtmplayer-cover=\"https:\/\/rna.ao\/rna.ao\/wp-content\/uploads\/2020\/12\/Porto-do-Lobito.jpg\"\n\t\t\t\t\t\tdata-qtmplayer-file=\"https:\/\/rna.ao\/rna.ao\/wp-content\/uploads\/2022\/01\/NEUSA-E-SILVA-CONSORCIO-VENCEDOR-20HRS.mp3\"\n\t\t\t\t\t\tdata-qtmplayer-title=\"Gest\u00e3o do Terminal Polivalente do Porto do Lobito passa para o Consorcio CITIC e SPG\"\n\t\t\t\t\t\tdata-qtmplayer-artist=\"RNA\"\n\t\t\t\t\t\tdata-qtmplayer-link=\"https:\/\/rna.ao\/rna.ao\/2022\/01\/21\/gestao-do-terminal-polivalente-do-porto-do-lobito-passa-para-o-consorcio-citic-e-spg\/\"\n\t\t\t\t\t\tdata-qtmplayer-icon=\"file_download\"\n\t\t\t\t\t\tdata-qtmplayer-type=\"track\"\n\t\t\t class=\"qtmplayer-play qtmplayer-link-sec qtmplayer-play-btn\"><i class='material-icons'>play_arrow<\/i><\/span>\n\t\t<p>\n\t\t\t<span class=\"qtmplayer-tit\">Gest\u00e3o do Terminal Polivalente do Porto do Lobito passa para o Consorcio CITIC e SPG<\/span>\n\t\t\t<span class=\"qtmplayer-art\">RNA<\/span>\n\t\t<\/p>\n\t<\/li>\n\t\t<\/ul>\n\t<\/div>\t\t\t\n\t\n<p>Fonte: RNA<\/p>\n","protected":false},"excerpt":{"rendered":"<p>O Cons\u00f3rcio CITIC e SPG venceu o concurso p\u00fablico internacional, para concess\u00e3o do terminal polivalente do Porto do Lobito. O Cons\u00f3rcio CITIC e SPG concorreu com um pagamento inicial ao Estado de 100 milh\u00f5es de d\u00f3lares, e um plano de investimento na ordem de 76 milh\u00f5es de d\u00f3lares a realizar ...<\/p>\n","protected":false},"author":8,"featured_media":13067,"comment_status":"closed","ping_status":"closed","sticky":false,"template":"","format":"standard","meta":[],"categories":[121,163],"tags":[],"_links":{"self":[{"href":"https:\/\/rna.ao\/rna.ao\/wp-json\/wp\/v2\/posts\/49701"}],"collection":[{"href":"https:\/\/rna.ao\/rna.ao\/wp-json\/wp\/v2\/posts"}],"about":[{"href":"https:\/\/rna.ao\/rna.ao\/wp-json\/wp\/v2\/types\/post"}],"author":[{"embeddable":true,"href":"https:\/\/rna.ao\/rna.ao\/wp-json\/wp\/v2\/users\/8"}],"replies":[{"embeddable":true,"href":"https:\/\/rna.ao\/rna.ao\/wp-json\/wp\/v2\/comments?post=49701"}],"version-history":[{"count":1,"href":"https:\/\/rna.ao\/rna.ao\/wp-json\/wp\/v2\/posts\/49701\/revisions"}],"predecessor-version":[{"id":49713,"href":"https:\/\/rna.ao\/rna.ao\/wp-json\/wp\/v2\/posts\/49701\/revisions\/49713"}],"wp:featuredmedia":[{"embeddable":true,"href":"https:\/\/rna.ao\/rna.ao\/wp-json\/wp\/v2\/media\/13067"}],"wp:attachment":[{"href":"https:\/\/rna.ao\/rna.ao\/wp-json\/wp\/v2\/media?parent=49701"}],"wp:term":[{"taxonomy":"category","embeddable":true,"href":"https:\/\/rna.ao\/rna.ao\/wp-json\/wp\/v2\/categories?post=49701"},{"taxonomy":"post_tag","embeddable":true,"href":"https:\/\/rna.ao\/rna.ao\/wp-json\/wp\/v2\/tags?post=49701"}],"curies":[{"name":"wp","href":"https:\/\/api.w.org\/{rel}","templated":true}]}}