{"id":49700,"date":"2022-01-21T20:13:43","date_gmt":"2022-01-21T19:13:43","guid":{"rendered":"https:\/\/rna.ao\/rna.ao\/?p=49700"},"modified":"2022-01-21T20:13:43","modified_gmt":"2022-01-21T19:13:43","slug":"empresarios-senegaleses-convidados-a-investirem-em-angola","status":"publish","type":"post","link":"https:\/\/rna.ao\/rna.ao\/2022\/01\/21\/empresarios-senegaleses-convidados-a-investirem-em-angola\/","title":{"rendered":"Empres\u00e1rios senegaleses convidados a investirem em Angola"},"content":{"rendered":"<p><img loading=\"lazy\" class=\"size-full wp-image-39251 alignleft\" src=\"https:\/\/rna.ao\/rna.ao\/wp-content\/uploads\/2021\/10\/Antonio-Henriques-da-Silva.jpg\" alt=\"\" width=\"311\" height=\"240\" \/>Os empres\u00e1rios senegaleses t\u00eam as portas abertas para investirem em Angola, a partir da Zona Econ\u00f3mica Especial. O convite foi feito pelo Presidente do Conselho de Administra\u00e7\u00e3o da Zona Econ\u00f3mica Especial, por ocasi\u00e3o da visita da Ministra dos Neg\u00f3cios Estrangeiros e dos Senegaleses no Exterior. Ou\u00e7a, no \u00e1udio abaixo, o rep\u00f3rter Polaco Pedro com mais desenvolvimento:<\/p>\n\t<div class=\"qtmplayer-playlist-large\">\n\t\t<ul class=\"qtmplayer-playlist\">\n\t\t\t\n\t\t\t\t\t<li class=\"qtmplayer-trackitem\">\n\t\t<img src=\"https:\/\/rna.ao\/rna.ao\/wp-content\/uploads\/2021\/10\/Antonio-Henriques-da-Silva-100x100.jpg\" alt=\"cover\">\t\t<span \t\t\tdata-qtmplayer-cover=\"https:\/\/rna.ao\/rna.ao\/wp-content\/uploads\/2021\/10\/Antonio-Henriques-da-Silva.jpg\"\n\t\t\t\t\t\tdata-qtmplayer-file=\"https:\/\/rna.ao\/rna.ao\/wp-content\/uploads\/2022\/01\/POLACO-PEDRO-ZEE-20HRS.mp3\"\n\t\t\t\t\t\tdata-qtmplayer-title=\"Empres\u00e1rios senegaleses convidados a investirem em Angola\"\n\t\t\t\t\t\tdata-qtmplayer-artist=\"RNA\"\n\t\t\t\t\t\tdata-qtmplayer-link=\"https:\/\/rna.ao\/rna.ao\/2022\/01\/21\/empresarios-senegaleses-convidados-a-investirem-em-angola\/\"\n\t\t\t\t\t\tdata-qtmplayer-icon=\"file_download\"\n\t\t\t\t\t\tdata-qtmplayer-type=\"track\"\n\t\t\t class=\"qtmplayer-play qtmplayer-link-sec qtmplayer-play-btn\"><i class='material-icons'>play_arrow<\/i><\/span>\n\t\t<p>\n\t\t\t<span class=\"qtmplayer-tit\">Empres\u00e1rios senegaleses convidados a investirem em Angola<\/span>\n\t\t\t<span class=\"qtmplayer-art\">RNA<\/span>\n\t\t<\/p>\n\t<\/li>\n\t\t<\/ul>\n\t<\/div>\t\t\t\n\t\n<p>Fonte: RNA<\/p>\n","protected":false},"excerpt":{"rendered":"<p>Os empres\u00e1rios senegaleses t\u00eam as portas abertas para investirem em Angola, a partir da Zona Econ\u00f3mica Especial. O convite foi feito pelo Presidente do Conselho de Administra\u00e7\u00e3o da Zona Econ\u00f3mica Especial, por ocasi\u00e3o da visita da Ministra dos Neg\u00f3cios Estrangeiros e dos Senegaleses no Exterior. Ou\u00e7a, no \u00e1udio abaixo, o ...<\/p>\n","protected":false},"author":8,"featured_media":39251,"comment_status":"closed","ping_status":"closed","sticky":false,"template":"","format":"standard","meta":[],"categories":[121,163],"tags":[],"_links":{"self":[{"href":"https:\/\/rna.ao\/rna.ao\/wp-json\/wp\/v2\/posts\/49700"}],"collection":[{"href":"https:\/\/rna.ao\/rna.ao\/wp-json\/wp\/v2\/posts"}],"about":[{"href":"https:\/\/rna.ao\/rna.ao\/wp-json\/wp\/v2\/types\/post"}],"author":[{"embeddable":true,"href":"https:\/\/rna.ao\/rna.ao\/wp-json\/wp\/v2\/users\/8"}],"replies":[{"embeddable":true,"href":"https:\/\/rna.ao\/rna.ao\/wp-json\/wp\/v2\/comments?post=49700"}],"version-history":[{"count":2,"href":"https:\/\/rna.ao\/rna.ao\/wp-json\/wp\/v2\/posts\/49700\/revisions"}],"predecessor-version":[{"id":49706,"href":"https:\/\/rna.ao\/rna.ao\/wp-json\/wp\/v2\/posts\/49700\/revisions\/49706"}],"wp:featuredmedia":[{"embeddable":true,"href":"https:\/\/rna.ao\/rna.ao\/wp-json\/wp\/v2\/media\/39251"}],"wp:attachment":[{"href":"https:\/\/rna.ao\/rna.ao\/wp-json\/wp\/v2\/media?parent=49700"}],"wp:term":[{"taxonomy":"category","embeddable":true,"href":"https:\/\/rna.ao\/rna.ao\/wp-json\/wp\/v2\/categories?post=49700"},{"taxonomy":"post_tag","embeddable":true,"href":"https:\/\/rna.ao\/rna.ao\/wp-json\/wp\/v2\/tags?post=49700"}],"curies":[{"name":"wp","href":"https:\/\/api.w.org\/{rel}","templated":true}]}}