{"id":49674,"date":"2022-01-21T08:15:46","date_gmt":"2022-01-21T07:15:46","guid":{"rendered":"https:\/\/rna.ao\/rna.ao\/?p=49674"},"modified":"2022-01-21T08:45:55","modified_gmt":"2022-01-21T07:45:55","slug":"alargado-sinal-da-rna-em-cabinda-ministro-garante-que-os-compromissos-com-a-provincia-nao-sessao-por-aqui","status":"publish","type":"post","link":"https:\/\/rna.ao\/rna.ao\/2022\/01\/21\/alargado-sinal-da-rna-em-cabinda-ministro-garante-que-os-compromissos-com-a-provincia-nao-sessao-por-aqui\/","title":{"rendered":"Alargado sinal da RNA em Cabinda. Ministro garante que &#8220;os compromissos com a Prov\u00edncia n\u00e3o sess\u00e3o por aqui&#8221;"},"content":{"rendered":"<p><img loading=\"lazy\" class=\"size-full wp-image-49677 alignleft\" src=\"https:\/\/rna.ao\/rna.ao\/wp-content\/uploads\/2022\/01\/Manuel-Homem.jpg\" alt=\"\" width=\"311\" height=\"230\" \/>Cerca de 95% da extens\u00e3o territorial da Prov\u00edncia de Cabinda est\u00e1 j\u00e1 coberto, com o sinal da R\u00e1dio Nacional de Angola. O 20 de Janeiro entrou na hist\u00f3ria do povo de Cabinda que, nesta quinta-feira, viu concretizado o processo de expans\u00e3o do sinal da RNA. A cerim\u00f3nia foi presidida pelo Ministro das Telecomunica\u00e7\u00f5es, Tecnologias de Informa\u00e7\u00e3o e Comunica\u00e7\u00e3o Social, Manuel Homem. Clique, no \u00e1udio abaixo, e ou\u00e7a o rep\u00f3rter Jo\u00e3o Mavinga com mais desenvolvimento:<\/p>\n\t<div class=\"qtmplayer-playlist-large\">\n\t\t<ul class=\"qtmplayer-playlist\">\n\t\t\t\n\t\t\t\t\t<li class=\"qtmplayer-trackitem\">\n\t\t<img src=\"https:\/\/rna.ao\/rna.ao\/wp-content\/uploads\/2022\/01\/Manuel-Homem-100x100.jpg\" alt=\"cover\">\t\t<span \t\t\tdata-qtmplayer-cover=\"https:\/\/rna.ao\/rna.ao\/wp-content\/uploads\/2022\/01\/Manuel-Homem.jpg\"\n\t\t\t\t\t\tdata-qtmplayer-file=\"https:\/\/rna.ao\/rna.ao\/wp-content\/uploads\/2022\/01\/CABINDA-REINAUGURACAO-CENTRO-EMISSOR-07HRS.mp3\"\n\t\t\t\t\t\tdata-qtmplayer-title=\"Alargado sinal da RNA em Cabinda. Ministro garante que &#8220;os compromissos com a Prov\u00edncia n\u00e3o sess\u00e3o por aqui&#8221;\"\n\t\t\t\t\t\tdata-qtmplayer-artist=\"RNA\"\n\t\t\t\t\t\tdata-qtmplayer-link=\"https:\/\/rna.ao\/rna.ao\/2022\/01\/21\/alargado-sinal-da-rna-em-cabinda-ministro-garante-que-os-compromissos-com-a-provincia-nao-sessao-por-aqui\/\"\n\t\t\t\t\t\tdata-qtmplayer-icon=\"file_download\"\n\t\t\t\t\t\tdata-qtmplayer-type=\"track\"\n\t\t\t class=\"qtmplayer-play qtmplayer-link-sec qtmplayer-play-btn\"><i class='material-icons'>play_arrow<\/i><\/span>\n\t\t<p>\n\t\t\t<span class=\"qtmplayer-tit\">Alargado sinal da RNA em Cabinda. Ministro garante que &#8220;os compromissos com a Prov\u00edncia n\u00e3o sess\u00e3o por aqui&#8221;<\/span>\n\t\t\t<span class=\"qtmplayer-art\">RNA<\/span>\n\t\t<\/p>\n\t<\/li>\n\t\t<\/ul>\n\t<\/div>\t\t\t\n\t\n<p>Fonte: RNA<\/p>\n","protected":false},"excerpt":{"rendered":"<p>Cerca de 95% da extens\u00e3o territorial da Prov\u00edncia de Cabinda est\u00e1 j\u00e1 coberto, com o sinal da R\u00e1dio Nacional de Angola. O 20 de Janeiro entrou na hist\u00f3ria do povo de Cabinda que, nesta quinta-feira, viu concretizado o processo de expans\u00e3o do sinal da RNA. A cerim\u00f3nia foi presidida pelo ...<\/p>\n","protected":false},"author":8,"featured_media":49677,"comment_status":"closed","ping_status":"closed","sticky":false,"template":"","format":"standard","meta":[],"categories":[121,163],"tags":[],"_links":{"self":[{"href":"https:\/\/rna.ao\/rna.ao\/wp-json\/wp\/v2\/posts\/49674"}],"collection":[{"href":"https:\/\/rna.ao\/rna.ao\/wp-json\/wp\/v2\/posts"}],"about":[{"href":"https:\/\/rna.ao\/rna.ao\/wp-json\/wp\/v2\/types\/post"}],"author":[{"embeddable":true,"href":"https:\/\/rna.ao\/rna.ao\/wp-json\/wp\/v2\/users\/8"}],"replies":[{"embeddable":true,"href":"https:\/\/rna.ao\/rna.ao\/wp-json\/wp\/v2\/comments?post=49674"}],"version-history":[{"count":3,"href":"https:\/\/rna.ao\/rna.ao\/wp-json\/wp\/v2\/posts\/49674\/revisions"}],"predecessor-version":[{"id":49681,"href":"https:\/\/rna.ao\/rna.ao\/wp-json\/wp\/v2\/posts\/49674\/revisions\/49681"}],"wp:featuredmedia":[{"embeddable":true,"href":"https:\/\/rna.ao\/rna.ao\/wp-json\/wp\/v2\/media\/49677"}],"wp:attachment":[{"href":"https:\/\/rna.ao\/rna.ao\/wp-json\/wp\/v2\/media?parent=49674"}],"wp:term":[{"taxonomy":"category","embeddable":true,"href":"https:\/\/rna.ao\/rna.ao\/wp-json\/wp\/v2\/categories?post=49674"},{"taxonomy":"post_tag","embeddable":true,"href":"https:\/\/rna.ao\/rna.ao\/wp-json\/wp\/v2\/tags?post=49674"}],"curies":[{"name":"wp","href":"https:\/\/api.w.org\/{rel}","templated":true}]}}