{"id":49671,"date":"2022-01-21T07:46:25","date_gmt":"2022-01-21T06:46:25","guid":{"rendered":"https:\/\/rna.ao\/rna.ao\/?p=49671"},"modified":"2022-01-21T07:46:25","modified_gmt":"2022-01-21T06:46:25","slug":"trabalhadores-despedidos-da-zap-serao-reintegrados","status":"publish","type":"post","link":"https:\/\/rna.ao\/rna.ao\/2022\/01\/21\/trabalhadores-despedidos-da-zap-serao-reintegrados\/","title":{"rendered":"Trabalhadores despedidos da ZAP ser\u00e3o reintegrados"},"content":{"rendered":"<p><img loading=\"lazy\" class=\"size-full wp-image-49672 alignleft\" src=\"https:\/\/rna.ao\/rna.ao\/wp-content\/uploads\/2022\/01\/ZAP-VIVA.jpg\" alt=\"\" width=\"299\" height=\"168\" \/>A Procuradoria Geral da Rep\u00fablica (PGR) designou nesta quinta-feira, 20 de Janeiro, o Minist\u00e9rio das Telecomunica\u00e7\u00f5es, Tecnologias de Informa\u00e7\u00e3o e comunica\u00e7\u00e3o Social como novo fiel deposit\u00e1rio do Canal de televis\u00e3o ZAP VIVA.<\/p>\n<p>Em nota de imprensa, a PGR informa que a medida resulta do requerimento feito, por parte do Servi\u00e7o Nacional de Recupera\u00e7\u00e3o de Activos, daquele \u00f3rg\u00e3o, ao Tribunal, que deferiu a pretens\u00e3o.<\/p>\n<p>Assim, segundo o comunicado da Procuradoria Geral da Rep\u00fablica, fica o Minist\u00e9rio das Telecomunica\u00e7\u00f5es, Tecnologias de Informa\u00e7\u00e3o e Comunica\u00e7\u00e3o Social encarregue a reintegrar os funcion\u00e1rios despedidos, bem como praticar os actos de gest\u00e3o prudente para manuten\u00e7\u00e3o das empresas.<\/p>\n<p>Fonte: RNA<\/p>\n","protected":false},"excerpt":{"rendered":"<p>A Procuradoria Geral da Rep\u00fablica (PGR) designou nesta quinta-feira, 20 de Janeiro, o Minist\u00e9rio das Telecomunica\u00e7\u00f5es, Tecnologias de Informa\u00e7\u00e3o e comunica\u00e7\u00e3o Social como novo fiel deposit\u00e1rio do Canal de televis\u00e3o ZAP VIVA. Em nota de imprensa, a PGR informa que a medida resulta do requerimento feito, por parte do Servi\u00e7o ...<\/p>\n","protected":false},"author":8,"featured_media":49672,"comment_status":"closed","ping_status":"closed","sticky":false,"template":"","format":"standard","meta":[],"categories":[121,163],"tags":[],"_links":{"self":[{"href":"https:\/\/rna.ao\/rna.ao\/wp-json\/wp\/v2\/posts\/49671"}],"collection":[{"href":"https:\/\/rna.ao\/rna.ao\/wp-json\/wp\/v2\/posts"}],"about":[{"href":"https:\/\/rna.ao\/rna.ao\/wp-json\/wp\/v2\/types\/post"}],"author":[{"embeddable":true,"href":"https:\/\/rna.ao\/rna.ao\/wp-json\/wp\/v2\/users\/8"}],"replies":[{"embeddable":true,"href":"https:\/\/rna.ao\/rna.ao\/wp-json\/wp\/v2\/comments?post=49671"}],"version-history":[{"count":1,"href":"https:\/\/rna.ao\/rna.ao\/wp-json\/wp\/v2\/posts\/49671\/revisions"}],"predecessor-version":[{"id":49673,"href":"https:\/\/rna.ao\/rna.ao\/wp-json\/wp\/v2\/posts\/49671\/revisions\/49673"}],"wp:featuredmedia":[{"embeddable":true,"href":"https:\/\/rna.ao\/rna.ao\/wp-json\/wp\/v2\/media\/49672"}],"wp:attachment":[{"href":"https:\/\/rna.ao\/rna.ao\/wp-json\/wp\/v2\/media?parent=49671"}],"wp:term":[{"taxonomy":"category","embeddable":true,"href":"https:\/\/rna.ao\/rna.ao\/wp-json\/wp\/v2\/categories?post=49671"},{"taxonomy":"post_tag","embeddable":true,"href":"https:\/\/rna.ao\/rna.ao\/wp-json\/wp\/v2\/tags?post=49671"}],"curies":[{"name":"wp","href":"https:\/\/api.w.org\/{rel}","templated":true}]}}