{"id":49663,"date":"2022-01-21T07:39:58","date_gmt":"2022-01-21T06:39:58","guid":{"rendered":"https:\/\/rna.ao\/rna.ao\/?p=49663"},"modified":"2022-01-21T08:50:24","modified_gmt":"2022-01-21T07:50:24","slug":"processo-de-venda-das-participacoes-do-estado-na-bodiva-bai-e-caixa-geral-pode-iniciar-no-final-deste-mes","status":"publish","type":"post","link":"https:\/\/rna.ao\/rna.ao\/2022\/01\/21\/processo-de-venda-das-participacoes-do-estado-na-bodiva-bai-e-caixa-geral-pode-iniciar-no-final-deste-mes\/","title":{"rendered":"Processo de venda das participa\u00e7\u00f5es do Estado na BODIVA, BAI e Caixa Geral pode iniciar no final deste m\u00eas"},"content":{"rendered":"<p><img loading=\"lazy\" class=\"size-full wp-image-41853 alignleft\" src=\"https:\/\/rna.ao\/rna.ao\/wp-content\/uploads\/2021\/11\/IGAPE.png\" alt=\"\" width=\"225\" height=\"183\" \/>O estado angolano perspectiva concluir, ainda no primeiro trimestre deste ano, os processos de venda de alguns activos ligados ao sector financeiro. Entre os activos em causa est\u00e3o a BODIVA, o Banco BAI e banco Caixa Geral Angola, cujos processos podem come\u00e7ar a ser fechados j\u00e1 na \u00faltima semana deste m\u00eas. O economista Ant\u00f3nio Estote entende, que dada a robustez e a rentabilidade de alguns destes activos, talv\u00e9s n\u00e3o fosse uma boa ocasi\u00e3o para se desfazer destas participa\u00e7\u00f5es. Clique no \u00e1udio e ou\u00e7a:<\/p>\n\t<div class=\"qtmplayer-playlist-large\">\n\t\t<ul class=\"qtmplayer-playlist\">\n\t\t\t\n\t\t\t\t\t<li class=\"qtmplayer-trackitem\">\n\t\t<img src=\"https:\/\/rna.ao\/rna.ao\/wp-content\/uploads\/2021\/11\/IGAPE-100x100.png\" alt=\"cover\">\t\t<span \t\t\tdata-qtmplayer-cover=\"https:\/\/rna.ao\/rna.ao\/wp-content\/uploads\/2021\/11\/IGAPE.png\"\n\t\t\t\t\t\tdata-qtmplayer-file=\"https:\/\/rna.ao\/rna.ao\/wp-content\/uploads\/2022\/01\/ANTONIO-ESTOTES-07HRS.mp3\"\n\t\t\t\t\t\tdata-qtmplayer-title=\"Processo de venda das participa\u00e7\u00f5es do Estado na BODIVA, BAI e Caixa Geral pode iniciar no final deste m\u00eas\"\n\t\t\t\t\t\tdata-qtmplayer-artist=\"RNA\"\n\t\t\t\t\t\tdata-qtmplayer-link=\"https:\/\/rna.ao\/rna.ao\/2022\/01\/21\/processo-de-venda-das-participacoes-do-estado-na-bodiva-bai-e-caixa-geral-pode-iniciar-no-final-deste-mes\/\"\n\t\t\t\t\t\tdata-qtmplayer-icon=\"file_download\"\n\t\t\t\t\t\tdata-qtmplayer-type=\"track\"\n\t\t\t class=\"qtmplayer-play qtmplayer-link-sec qtmplayer-play-btn\"><i class='material-icons'>play_arrow<\/i><\/span>\n\t\t<p>\n\t\t\t<span class=\"qtmplayer-tit\">Processo de venda das participa\u00e7\u00f5es do Estado na BODIVA, BAI e Caixa Geral pode iniciar no final deste m\u00eas<\/span>\n\t\t\t<span class=\"qtmplayer-art\">RNA<\/span>\n\t\t<\/p>\n\t<\/li>\n\t\t<\/ul>\n\t<\/div>\t\t\t\n\t\n<p>E apesar de muitos activos j\u00e1 alienados, na sua maioria foram vendidos abaixo do seu custo real, mas, ainda assim, o economista M\u00e1rio Bernardo, reconhece lisura, transpar\u00eancia e solidez nos processos. Clique no \u00e1udio e ou\u00e7a:<\/p>\n\t<div class=\"qtmplayer-playlist-large\">\n\t\t<ul class=\"qtmplayer-playlist\">\n\t\t\t\n\t\t\t\t\t<li class=\"qtmplayer-trackitem\">\n\t\t<img src=\"https:\/\/rna.ao\/rna.ao\/wp-content\/uploads\/2021\/11\/IGAPE-100x100.png\" alt=\"cover\">\t\t<span \t\t\tdata-qtmplayer-cover=\"https:\/\/rna.ao\/rna.ao\/wp-content\/uploads\/2021\/11\/IGAPE.png\"\n\t\t\t\t\t\tdata-qtmplayer-file=\"https:\/\/rna.ao\/rna.ao\/wp-content\/uploads\/2022\/01\/MARIO-BERNARDO-07HRS.mp3\"\n\t\t\t\t\t\tdata-qtmplayer-title=\"Processo de venda das participa\u00e7\u00f5es do Estado na BODIVA, BAI e Caixa Geral pode iniciar no final deste m\u00eas\"\n\t\t\t\t\t\tdata-qtmplayer-artist=\"RNA\"\n\t\t\t\t\t\tdata-qtmplayer-link=\"https:\/\/rna.ao\/rna.ao\/2022\/01\/21\/processo-de-venda-das-participacoes-do-estado-na-bodiva-bai-e-caixa-geral-pode-iniciar-no-final-deste-mes\/\"\n\t\t\t\t\t\tdata-qtmplayer-icon=\"file_download\"\n\t\t\t\t\t\tdata-qtmplayer-type=\"track\"\n\t\t\t class=\"qtmplayer-play qtmplayer-link-sec qtmplayer-play-btn\"><i class='material-icons'>play_arrow<\/i><\/span>\n\t\t<p>\n\t\t\t<span class=\"qtmplayer-tit\">Processo de venda das participa\u00e7\u00f5es do Estado na BODIVA, BAI e Caixa Geral pode iniciar no final deste m\u00eas<\/span>\n\t\t\t<span class=\"qtmplayer-art\">RNA<\/span>\n\t\t<\/p>\n\t<\/li>\n\t\t<\/ul>\n\t<\/div>\t\t\t\n\t\n<p>O programa de Privatiza\u00e7\u00f5es, em curso no pa\u00eds, j\u00e1 arrecadou perto de 850 mil milh\u00f5es de Kwanzas, de valores contratualizados, com a privatiza\u00e7\u00e3o de mais de 70 activos e empresas. O chefe de departamento de Privatiza\u00e7\u00f5es e Reestrutura\u00e7\u00e3o de Empresas do IGAPE, Jo\u00e3o Sionguele, esclareceu que o regulamento adoptado pelo executivo, exclui a possibilidade de os ex-propriet\u00e1rios dos activos arrestados concorrerem nos processos de privatiza\u00e7\u00e3o. Clique no \u00e1udio e ou\u00e7a:<\/p>\n\t<div class=\"qtmplayer-playlist-large\">\n\t\t<ul class=\"qtmplayer-playlist\">\n\t\t\t\n\t\t\t\t\t<li class=\"qtmplayer-trackitem\">\n\t\t<img src=\"https:\/\/rna.ao\/rna.ao\/wp-content\/uploads\/2021\/11\/IGAPE-100x100.png\" alt=\"cover\">\t\t<span \t\t\tdata-qtmplayer-cover=\"https:\/\/rna.ao\/rna.ao\/wp-content\/uploads\/2021\/11\/IGAPE.png\"\n\t\t\t\t\t\tdata-qtmplayer-file=\"https:\/\/rna.ao\/rna.ao\/wp-content\/uploads\/2022\/01\/JOAO-SIONGUELE-07HRS.mp3\"\n\t\t\t\t\t\tdata-qtmplayer-title=\"Processo de venda das participa\u00e7\u00f5es do Estado na BODIVA, BAI e Caixa Geral pode iniciar no final deste m\u00eas\"\n\t\t\t\t\t\tdata-qtmplayer-artist=\"RNA\"\n\t\t\t\t\t\tdata-qtmplayer-link=\"https:\/\/rna.ao\/rna.ao\/2022\/01\/21\/processo-de-venda-das-participacoes-do-estado-na-bodiva-bai-e-caixa-geral-pode-iniciar-no-final-deste-mes\/\"\n\t\t\t\t\t\tdata-qtmplayer-icon=\"file_download\"\n\t\t\t\t\t\tdata-qtmplayer-type=\"track\"\n\t\t\t class=\"qtmplayer-play qtmplayer-link-sec qtmplayer-play-btn\"><i class='material-icons'>play_arrow<\/i><\/span>\n\t\t<p>\n\t\t\t<span class=\"qtmplayer-tit\">Processo de venda das participa\u00e7\u00f5es do Estado na BODIVA, BAI e Caixa Geral pode iniciar no final deste m\u00eas<\/span>\n\t\t\t<span class=\"qtmplayer-art\">RNA<\/span>\n\t\t<\/p>\n\t<\/li>\n\t\t<\/ul>\n\t<\/div>\t\t\t\n\t\n<p>De referir que, este assunto foi debatido na tarde de quinta-feira, 20 de janeiro, no Programa Azimute Actualidade, da R\u00e1dio Nacional de Angola, que abordou o tema: &#8220;A privatiza\u00e7\u00e3o e venda de participa\u00e7\u00f5es do Estado em activos financeiros&#8221;.<\/p>\n<p>Fonte: RNA<\/p>\n","protected":false},"excerpt":{"rendered":"<p>O estado angolano perspectiva concluir, ainda no primeiro trimestre deste ano, os processos de venda de alguns activos ligados ao sector financeiro. Entre os activos em causa est\u00e3o a BODIVA, o Banco BAI e banco Caixa Geral Angola, cujos processos podem come\u00e7ar a ser fechados j\u00e1 na \u00faltima semana deste ...<\/p>\n","protected":false},"author":8,"featured_media":41853,"comment_status":"closed","ping_status":"closed","sticky":false,"template":"","format":"standard","meta":[],"categories":[121,163],"tags":[],"_links":{"self":[{"href":"https:\/\/rna.ao\/rna.ao\/wp-json\/wp\/v2\/posts\/49663"}],"collection":[{"href":"https:\/\/rna.ao\/rna.ao\/wp-json\/wp\/v2\/posts"}],"about":[{"href":"https:\/\/rna.ao\/rna.ao\/wp-json\/wp\/v2\/types\/post"}],"author":[{"embeddable":true,"href":"https:\/\/rna.ao\/rna.ao\/wp-json\/wp\/v2\/users\/8"}],"replies":[{"embeddable":true,"href":"https:\/\/rna.ao\/rna.ao\/wp-json\/wp\/v2\/comments?post=49663"}],"version-history":[{"count":3,"href":"https:\/\/rna.ao\/rna.ao\/wp-json\/wp\/v2\/posts\/49663\/revisions"}],"predecessor-version":[{"id":49684,"href":"https:\/\/rna.ao\/rna.ao\/wp-json\/wp\/v2\/posts\/49663\/revisions\/49684"}],"wp:featuredmedia":[{"embeddable":true,"href":"https:\/\/rna.ao\/rna.ao\/wp-json\/wp\/v2\/media\/41853"}],"wp:attachment":[{"href":"https:\/\/rna.ao\/rna.ao\/wp-json\/wp\/v2\/media?parent=49663"}],"wp:term":[{"taxonomy":"category","embeddable":true,"href":"https:\/\/rna.ao\/rna.ao\/wp-json\/wp\/v2\/categories?post=49663"},{"taxonomy":"post_tag","embeddable":true,"href":"https:\/\/rna.ao\/rna.ao\/wp-json\/wp\/v2\/tags?post=49663"}],"curies":[{"name":"wp","href":"https:\/\/api.w.org\/{rel}","templated":true}]}}