{"id":49648,"date":"2022-01-21T05:50:49","date_gmt":"2022-01-21T04:50:49","guid":{"rendered":"https:\/\/rna.ao\/rna.ao\/?p=49648"},"modified":"2022-01-21T06:53:04","modified_gmt":"2022-01-21T05:53:04","slug":"angola-beneficia-de-um-projecto-social-por-intermedio-do-ex-basquetebolista-jean-jaques-da-conceicao","status":"publish","type":"post","link":"https:\/\/rna.ao\/rna.ao\/2022\/01\/21\/angola-beneficia-de-um-projecto-social-por-intermedio-do-ex-basquetebolista-jean-jaques-da-conceicao\/","title":{"rendered":"Angola beneficia de um projecto social, por interm\u00e9dio do ex-basquetebolista Jean Jaques da Concei\u00e7\u00e3o"},"content":{"rendered":"<p><img loading=\"lazy\" class=\" wp-image-49650 alignleft\" src=\"https:\/\/rna.ao\/rna.ao\/wp-content\/uploads\/2022\/01\/Jean-Jaques-da-Conceicao.jpg\" alt=\"\" width=\"471\" height=\"306\" \/>A Rep\u00fablica de Angola vai beneficiar de um projecto de inclus\u00e3o social, por via do desporto, que ser\u00e1 lan\u00e7ado neste domingo, 23 de janeiro. O projecto, denominado &#8220;Special Olympics&#8221;, j\u00e1 existe em duzentos pa\u00edses e conta com quatro milh\u00f5es de praticantes. O Special Olympics chega \u00e0 Angola atrav\u00e9s da antiga estrela do basquetebol Jean Jaques da Concei\u00e7\u00e3o, que especifica em que consiste e como vai funcionar no nosso pa\u00eds. Clique no \u00e1udio e ou\u00e7a:<\/p>\n\t<div class=\"qtmplayer-playlist-large\">\n\t\t<ul class=\"qtmplayer-playlist\">\n\t\t\t\n\t\t\t\t\t<li class=\"qtmplayer-trackitem\">\n\t\t<img src=\"https:\/\/rna.ao\/rna.ao\/wp-content\/uploads\/2022\/01\/Jean-Jaques-da-Conceicao-100x100.jpg\" alt=\"cover\">\t\t<span \t\t\tdata-qtmplayer-cover=\"https:\/\/rna.ao\/rna.ao\/wp-content\/uploads\/2022\/01\/Jean-Jaques-da-Conceicao.jpg\"\n\t\t\t\t\t\tdata-qtmplayer-file=\"https:\/\/rna.ao\/rna.ao\/wp-content\/uploads\/2022\/01\/20H30-2-JEAN-JACQUES-20-01-22.mp3\"\n\t\t\t\t\t\tdata-qtmplayer-title=\"Angola beneficia de um projecto social, por interm\u00e9dio do ex-basquetebolista Jean Jaques da Concei\u00e7\u00e3o\"\n\t\t\t\t\t\tdata-qtmplayer-artist=\"RNA\"\n\t\t\t\t\t\tdata-qtmplayer-link=\"https:\/\/rna.ao\/rna.ao\/2022\/01\/21\/angola-beneficia-de-um-projecto-social-por-intermedio-do-ex-basquetebolista-jean-jaques-da-conceicao\/\"\n\t\t\t\t\t\tdata-qtmplayer-icon=\"file_download\"\n\t\t\t\t\t\tdata-qtmplayer-type=\"track\"\n\t\t\t class=\"qtmplayer-play qtmplayer-link-sec qtmplayer-play-btn\"><i class='material-icons'>play_arrow<\/i><\/span>\n\t\t<p>\n\t\t\t<span class=\"qtmplayer-tit\">Angola beneficia de um projecto social, por interm\u00e9dio do ex-basquetebolista Jean Jaques da Concei\u00e7\u00e3o<\/span>\n\t\t\t<span class=\"qtmplayer-art\">RNA<\/span>\n\t\t<\/p>\n\t<\/li>\n\t\t<\/ul>\n\t<\/div>\t\t\t\n\t\n<p>Fonte: R\u00e1dio 5\/RNA<\/p>\n","protected":false},"excerpt":{"rendered":"<p>A Rep\u00fablica de Angola vai beneficiar de um projecto de inclus\u00e3o social, por via do desporto, que ser\u00e1 lan\u00e7ado neste domingo, 23 de janeiro. O projecto, denominado &#8220;Special Olympics&#8221;, j\u00e1 existe em duzentos pa\u00edses e conta com quatro milh\u00f5es de praticantes. O Special Olympics chega \u00e0 Angola atrav\u00e9s da antiga ...<\/p>\n","protected":false},"author":8,"featured_media":49650,"comment_status":"closed","ping_status":"closed","sticky":false,"template":"","format":"standard","meta":[],"categories":[145,125,164],"tags":[],"_links":{"self":[{"href":"https:\/\/rna.ao\/rna.ao\/wp-json\/wp\/v2\/posts\/49648"}],"collection":[{"href":"https:\/\/rna.ao\/rna.ao\/wp-json\/wp\/v2\/posts"}],"about":[{"href":"https:\/\/rna.ao\/rna.ao\/wp-json\/wp\/v2\/types\/post"}],"author":[{"embeddable":true,"href":"https:\/\/rna.ao\/rna.ao\/wp-json\/wp\/v2\/users\/8"}],"replies":[{"embeddable":true,"href":"https:\/\/rna.ao\/rna.ao\/wp-json\/wp\/v2\/comments?post=49648"}],"version-history":[{"count":1,"href":"https:\/\/rna.ao\/rna.ao\/wp-json\/wp\/v2\/posts\/49648\/revisions"}],"predecessor-version":[{"id":49652,"href":"https:\/\/rna.ao\/rna.ao\/wp-json\/wp\/v2\/posts\/49648\/revisions\/49652"}],"wp:featuredmedia":[{"embeddable":true,"href":"https:\/\/rna.ao\/rna.ao\/wp-json\/wp\/v2\/media\/49650"}],"wp:attachment":[{"href":"https:\/\/rna.ao\/rna.ao\/wp-json\/wp\/v2\/media?parent=49648"}],"wp:term":[{"taxonomy":"category","embeddable":true,"href":"https:\/\/rna.ao\/rna.ao\/wp-json\/wp\/v2\/categories?post=49648"},{"taxonomy":"post_tag","embeddable":true,"href":"https:\/\/rna.ao\/rna.ao\/wp-json\/wp\/v2\/tags?post=49648"}],"curies":[{"name":"wp","href":"https:\/\/api.w.org\/{rel}","templated":true}]}}