{"id":49645,"date":"2022-01-21T05:51:11","date_gmt":"2022-01-21T04:51:11","guid":{"rendered":"https:\/\/rna.ao\/rna.ao\/?p=49645"},"modified":"2022-01-23T09:56:12","modified_gmt":"2022-01-23T08:56:12","slug":"radar-economico-estado-encaixa-cerca-de-850-mil-milhoes-de-kwanzas-com-alienacoes-do-propriv-desde-2019","status":"publish","type":"post","link":"https:\/\/rna.ao\/rna.ao\/2022\/01\/21\/radar-economico-estado-encaixa-cerca-de-850-mil-milhoes-de-kwanzas-com-alienacoes-do-propriv-desde-2019\/","title":{"rendered":"RADAR ECON\u00d3MICO: Estado encaixa cerca de 850 mil milh\u00f5es de Kwanzas com aliena\u00e7\u00f5es do PROPRIV desde 2019"},"content":{"rendered":"<p><img loading=\"lazy\" class=\"size-full wp-image-30272 alignleft\" src=\"https:\/\/rna.ao\/rna.ao\/wp-content\/uploads\/2021\/07\/RADAR-ECONOMICO-MELHOR.jpg\" alt=\"\" width=\"188\" height=\"101\" \/>O Jornal de Economia da R\u00e1dio Nacional de Angola traz, esta sexta-feira, 21 de Janeiro, o seguinte destaque: \u201cEstado angolano obteve um encaixe de cerca de oitocentos e cinquenta mil milh\u00f5es de Kwanzas, com a aliena\u00e7\u00e3o de setenta e tr\u00eas activos e participa\u00e7\u00f5es, alistados no Programa de Privatiza\u00e7\u00f5es (PROPRIV), em curso desde 2019\u201d. Clique, no \u00e1udio abaixo, e ou\u00e7a esta e outras not\u00edcias na voz do jornalista Airton Kenha:<\/p>\n\t<div class=\"qtmplayer-playlist-large\">\n\t\t<ul class=\"qtmplayer-playlist\">\n\t\t\t\n\t\t\t\t\t<li class=\"qtmplayer-trackitem\">\n\t\t<img src=\"https:\/\/rna.ao\/rna.ao\/wp-content\/uploads\/2021\/07\/RADAR-ECONOMICO-MELHOR-100x100.jpg\" alt=\"cover\">\t\t<span \t\t\tdata-qtmplayer-cover=\"https:\/\/rna.ao\/rna.ao\/wp-content\/uploads\/2021\/07\/RADAR-ECONOMICO-MELHOR.jpg\"\n\t\t\t\t\t\tdata-qtmplayer-file=\"https:\/\/rna.ao\/rna.ao\/wp-content\/uploads\/2022\/01\/RADAR-ECONOMICO-EMISSAO-8.mp3\"\n\t\t\t\t\t\tdata-qtmplayer-title=\"RADAR ECON\u00d3MICO: Estado encaixa cerca de 850 mil milh\u00f5es de Kwanzas com aliena\u00e7\u00f5es do PROPRIV desde 2019\"\n\t\t\t\t\t\tdata-qtmplayer-artist=\"RNA\"\n\t\t\t\t\t\tdata-qtmplayer-link=\"https:\/\/rna.ao\/rna.ao\/2022\/01\/21\/radar-economico-estado-encaixa-cerca-de-850-mil-milhoes-de-kwanzas-com-alienacoes-do-propriv-desde-2019\/\"\n\t\t\t\t\t\tdata-qtmplayer-icon=\"file_download\"\n\t\t\t\t\t\tdata-qtmplayer-type=\"track\"\n\t\t\t class=\"qtmplayer-play qtmplayer-link-sec qtmplayer-play-btn\"><i class='material-icons'>play_arrow<\/i><\/span>\n\t\t<p>\n\t\t\t<span class=\"qtmplayer-tit\">RADAR ECON\u00d3MICO: Estado encaixa cerca de 850 mil milh\u00f5es de Kwanzas com aliena\u00e7\u00f5es do PROPRIV desde 2019<\/span>\n\t\t\t<span class=\"qtmplayer-art\">RNA<\/span>\n\t\t<\/p>\n\t<\/li>\n\t\t<\/ul>\n\t<\/div>\t\t\t\n\t\n<p>Fonte: RNA<\/p>\n","protected":false},"excerpt":{"rendered":"<p>O Jornal de Economia da R\u00e1dio Nacional de Angola traz, esta sexta-feira, 21 de Janeiro, o seguinte destaque: \u201cEstado angolano obteve um encaixe de cerca de oitocentos e cinquenta mil milh\u00f5es de Kwanzas, com a aliena\u00e7\u00e3o de setenta e tr\u00eas activos e participa\u00e7\u00f5es, alistados no Programa de Privatiza\u00e7\u00f5es (PROPRIV), em ...<\/p>\n","protected":false},"author":8,"featured_media":30272,"comment_status":"closed","ping_status":"closed","sticky":false,"template":"","format":"standard","meta":[],"categories":[149],"tags":[],"_links":{"self":[{"href":"https:\/\/rna.ao\/rna.ao\/wp-json\/wp\/v2\/posts\/49645"}],"collection":[{"href":"https:\/\/rna.ao\/rna.ao\/wp-json\/wp\/v2\/posts"}],"about":[{"href":"https:\/\/rna.ao\/rna.ao\/wp-json\/wp\/v2\/types\/post"}],"author":[{"embeddable":true,"href":"https:\/\/rna.ao\/rna.ao\/wp-json\/wp\/v2\/users\/8"}],"replies":[{"embeddable":true,"href":"https:\/\/rna.ao\/rna.ao\/wp-json\/wp\/v2\/comments?post=49645"}],"version-history":[{"count":1,"href":"https:\/\/rna.ao\/rna.ao\/wp-json\/wp\/v2\/posts\/49645\/revisions"}],"predecessor-version":[{"id":49647,"href":"https:\/\/rna.ao\/rna.ao\/wp-json\/wp\/v2\/posts\/49645\/revisions\/49647"}],"wp:featuredmedia":[{"embeddable":true,"href":"https:\/\/rna.ao\/rna.ao\/wp-json\/wp\/v2\/media\/30272"}],"wp:attachment":[{"href":"https:\/\/rna.ao\/rna.ao\/wp-json\/wp\/v2\/media?parent=49645"}],"wp:term":[{"taxonomy":"category","embeddable":true,"href":"https:\/\/rna.ao\/rna.ao\/wp-json\/wp\/v2\/categories?post=49645"},{"taxonomy":"post_tag","embeddable":true,"href":"https:\/\/rna.ao\/rna.ao\/wp-json\/wp\/v2\/tags?post=49645"}],"curies":[{"name":"wp","href":"https:\/\/api.w.org\/{rel}","templated":true}]}}