{"id":49636,"date":"2022-01-21T06:34:22","date_gmt":"2022-01-21T05:34:22","guid":{"rendered":"https:\/\/rna.ao\/rna.ao\/?p=49636"},"modified":"2022-01-21T08:58:02","modified_gmt":"2022-01-21T07:58:02","slug":"ministro-da-defesa-felicita-fan-pela-passagem-de-mais-um-aniversario","status":"publish","type":"post","link":"https:\/\/rna.ao\/rna.ao\/2022\/01\/21\/ministro-da-defesa-felicita-fan-pela-passagem-de-mais-um-aniversario\/","title":{"rendered":"Ministro da Defesa felicita FAN pela passagem de mais um anivers\u00e1rio"},"content":{"rendered":"<p><img loading=\"lazy\" class=\" wp-image-49637 alignleft\" src=\"https:\/\/rna.ao\/rna.ao\/wp-content\/uploads\/2022\/01\/272107066_297329775762219_5888895364924421013_n.jpg\" alt=\"\" width=\"376\" height=\"293\" \/>Por ocasi\u00e3o dos 46 anos da For\u00e7a A\u00e9rea Nacional (FAN), que se comemora esta sexta-feira, 21 de Janeiro, o Ministro da Defesa Nacional e Veteranos da P\u00e1tria, Jo\u00e3o Ernesto dos Santos sublinha, numa mensagem, o facto deste ramo das For\u00e7as Armadas ter resistido \u00e0s transforma\u00e7\u00f5es decorrentes dos Acordos de Bicesse de 1991, que visavam a cria\u00e7\u00e3o de um Ex\u00e9rcito \u00fanico.<\/p>\n<p>Jo\u00e3o Ernesto dos Santos refere, que a comemora\u00e7\u00e3o da data acontece num momento em que o pa\u00eds enfrenta outras variantes da pandemia da Covid-19, pelo que apelou \u00e0 vacina\u00e7\u00e3o massiva, a fim de conter a progress\u00e3o da doen\u00e7a.<\/p>\n<p>De salientar que, as autoridades sanit\u00e1rias anunciaram, na quinta-feira, 20\/01, a recupera\u00e7\u00e3o de 671 pacientes, 441 casos novos e 4 \u00f3bitos associados \u00e0 Covid-19. O pa\u00eds tem confirmados 95.220 casos, dos quais 7.065 activos.<\/p>\n<p>Fonte: RNA<\/p>\n","protected":false},"excerpt":{"rendered":"<p>Por ocasi\u00e3o dos 46 anos da For\u00e7a A\u00e9rea Nacional (FAN), que se comemora esta sexta-feira, 21 de Janeiro, o Ministro da Defesa Nacional e Veteranos da P\u00e1tria, Jo\u00e3o Ernesto dos Santos sublinha, numa mensagem, o facto deste ramo das For\u00e7as Armadas ter resistido \u00e0s transforma\u00e7\u00f5es decorrentes dos Acordos de Bicesse ...<\/p>\n","protected":false},"author":8,"featured_media":49644,"comment_status":"closed","ping_status":"closed","sticky":false,"template":"","format":"standard","meta":[],"categories":[142,121,163],"tags":[],"_links":{"self":[{"href":"https:\/\/rna.ao\/rna.ao\/wp-json\/wp\/v2\/posts\/49636"}],"collection":[{"href":"https:\/\/rna.ao\/rna.ao\/wp-json\/wp\/v2\/posts"}],"about":[{"href":"https:\/\/rna.ao\/rna.ao\/wp-json\/wp\/v2\/types\/post"}],"author":[{"embeddable":true,"href":"https:\/\/rna.ao\/rna.ao\/wp-json\/wp\/v2\/users\/8"}],"replies":[{"embeddable":true,"href":"https:\/\/rna.ao\/rna.ao\/wp-json\/wp\/v2\/comments?post=49636"}],"version-history":[{"count":4,"href":"https:\/\/rna.ao\/rna.ao\/wp-json\/wp\/v2\/posts\/49636\/revisions"}],"predecessor-version":[{"id":49691,"href":"https:\/\/rna.ao\/rna.ao\/wp-json\/wp\/v2\/posts\/49636\/revisions\/49691"}],"wp:featuredmedia":[{"embeddable":true,"href":"https:\/\/rna.ao\/rna.ao\/wp-json\/wp\/v2\/media\/49644"}],"wp:attachment":[{"href":"https:\/\/rna.ao\/rna.ao\/wp-json\/wp\/v2\/media?parent=49636"}],"wp:term":[{"taxonomy":"category","embeddable":true,"href":"https:\/\/rna.ao\/rna.ao\/wp-json\/wp\/v2\/categories?post=49636"},{"taxonomy":"post_tag","embeddable":true,"href":"https:\/\/rna.ao\/rna.ao\/wp-json\/wp\/v2\/tags?post=49636"}],"curies":[{"name":"wp","href":"https:\/\/api.w.org\/{rel}","templated":true}]}}