{"id":49631,"date":"2022-01-21T06:11:46","date_gmt":"2022-01-21T05:11:46","guid":{"rendered":"https:\/\/rna.ao\/rna.ao\/?p=49631"},"modified":"2022-01-21T06:11:46","modified_gmt":"2022-01-21T05:11:46","slug":"kwenda-beneficia-mais-de-300-mil-familias-vulneraveis-em-todo-o-pais","status":"publish","type":"post","link":"https:\/\/rna.ao\/rna.ao\/2022\/01\/21\/kwenda-beneficia-mais-de-300-mil-familias-vulneraveis-em-todo-o-pais\/","title":{"rendered":"Kwenda beneficia mais de 300 mil fam\u00edlias vulner\u00e1veis em todo o pa\u00eds"},"content":{"rendered":"<p><img loading=\"lazy\" class=\" wp-image-49633 aligncenter\" src=\"https:\/\/rna.ao\/rna.ao\/wp-content\/uploads\/2022\/01\/272225724_304898778333658_440609882378781892_n.jpg\" alt=\"\" width=\"782\" height=\"336\" \/>Trezentos e catorze mil agregados familiares beneficiaram, numa primeira fase, das transfer\u00eancias monet\u00e1rias, no quadro do programa de fortalecimento da prote\u00e7\u00e3o social &#8220;Kwenda&#8221;, desde 2020. Dos atuais benefici\u00e1rios, de um total de 536.333 agregados cadastrados no pa\u00eds, 59,1% s\u00e3o mulheres. O Kwenda apoiou 17 mil benefici\u00e1rios diretos, e 84 mil indiretos em iniciativas econ\u00f3micas e produtivas, de acordo com a coordenadora da Comiss\u00e3o Intersectorial Carolina Cerqueira. Clique no \u00e1udio e ou\u00e7a:<\/p>\n\t<div class=\"qtmplayer-playlist-large\">\n\t\t<ul class=\"qtmplayer-playlist\">\n\t\t\t\n\t\t\t\t\t<li class=\"qtmplayer-trackitem\">\n\t\t<img src=\"https:\/\/rna.ao\/rna.ao\/wp-content\/uploads\/2022\/01\/Carolina-Cerqueira-100x100.jpg\" alt=\"cover\">\t\t<span \t\t\tdata-qtmplayer-cover=\"https:\/\/rna.ao\/rna.ao\/wp-content\/uploads\/2022\/01\/Carolina-Cerqueira.jpg\"\n\t\t\t\t\t\tdata-qtmplayer-file=\"https:\/\/rna.ao\/rna.ao\/wp-content\/uploads\/2022\/01\/CAROLINA-CERQUEIRA-6HRS.mp3\"\n\t\t\t\t\t\tdata-qtmplayer-title=\"Kwenda beneficia mais de 300 mil fam\u00edlias vulner\u00e1veis em todo o pa\u00eds\"\n\t\t\t\t\t\tdata-qtmplayer-artist=\"RNA\"\n\t\t\t\t\t\tdata-qtmplayer-link=\"https:\/\/rna.ao\/rna.ao\/2022\/01\/21\/kwenda-beneficia-mais-de-300-mil-familias-vulneraveis-em-todo-o-pais\/\"\n\t\t\t\t\t\tdata-qtmplayer-icon=\"file_download\"\n\t\t\t\t\t\tdata-qtmplayer-type=\"track\"\n\t\t\t class=\"qtmplayer-play qtmplayer-link-sec qtmplayer-play-btn\"><i class='material-icons'>play_arrow<\/i><\/span>\n\t\t<p>\n\t\t\t<span class=\"qtmplayer-tit\">Kwenda beneficia mais de 300 mil fam\u00edlias vulner\u00e1veis em todo o pa\u00eds<\/span>\n\t\t\t<span class=\"qtmplayer-art\">RNA<\/span>\n\t\t<\/p>\n\t<\/li>\n\t\t<\/ul>\n\t<\/div>\t\t\t\n\t\n<p>Fonte: RNA<\/p>\n","protected":false},"excerpt":{"rendered":"<p>Trezentos e catorze mil agregados familiares beneficiaram, numa primeira fase, das transfer\u00eancias monet\u00e1rias, no quadro do programa de fortalecimento da prote\u00e7\u00e3o social &#8220;Kwenda&#8221;, desde 2020. Dos atuais benefici\u00e1rios, de um total de 536.333 agregados cadastrados no pa\u00eds, 59,1% s\u00e3o mulheres. O Kwenda apoiou 17 mil benefici\u00e1rios diretos, e 84 mil ...<\/p>\n","protected":false},"author":8,"featured_media":49634,"comment_status":"closed","ping_status":"closed","sticky":false,"template":"","format":"standard","meta":[],"categories":[142,121,163],"tags":[],"_links":{"self":[{"href":"https:\/\/rna.ao\/rna.ao\/wp-json\/wp\/v2\/posts\/49631"}],"collection":[{"href":"https:\/\/rna.ao\/rna.ao\/wp-json\/wp\/v2\/posts"}],"about":[{"href":"https:\/\/rna.ao\/rna.ao\/wp-json\/wp\/v2\/types\/post"}],"author":[{"embeddable":true,"href":"https:\/\/rna.ao\/rna.ao\/wp-json\/wp\/v2\/users\/8"}],"replies":[{"embeddable":true,"href":"https:\/\/rna.ao\/rna.ao\/wp-json\/wp\/v2\/comments?post=49631"}],"version-history":[{"count":1,"href":"https:\/\/rna.ao\/rna.ao\/wp-json\/wp\/v2\/posts\/49631\/revisions"}],"predecessor-version":[{"id":49635,"href":"https:\/\/rna.ao\/rna.ao\/wp-json\/wp\/v2\/posts\/49631\/revisions\/49635"}],"wp:featuredmedia":[{"embeddable":true,"href":"https:\/\/rna.ao\/rna.ao\/wp-json\/wp\/v2\/media\/49634"}],"wp:attachment":[{"href":"https:\/\/rna.ao\/rna.ao\/wp-json\/wp\/v2\/media?parent=49631"}],"wp:term":[{"taxonomy":"category","embeddable":true,"href":"https:\/\/rna.ao\/rna.ao\/wp-json\/wp\/v2\/categories?post=49631"},{"taxonomy":"post_tag","embeddable":true,"href":"https:\/\/rna.ao\/rna.ao\/wp-json\/wp\/v2\/tags?post=49631"}],"curies":[{"name":"wp","href":"https:\/\/api.w.org\/{rel}","templated":true}]}}