{"id":49621,"date":"2022-01-21T05:52:37","date_gmt":"2022-01-21T04:52:37","guid":{"rendered":"https:\/\/rna.ao\/rna.ao\/?p=49621"},"modified":"2022-01-21T05:52:37","modified_gmt":"2022-01-21T04:52:37","slug":"novo-comandante-geral-da-policia-nacional-vai-apostar-em-accoes-para-elevar-o-nivel-de-seguranca-a-populacao","status":"publish","type":"post","link":"https:\/\/rna.ao\/rna.ao\/2022\/01\/21\/novo-comandante-geral-da-policia-nacional-vai-apostar-em-accoes-para-elevar-o-nivel-de-seguranca-a-populacao\/","title":{"rendered":"Novo Comandante-Geral da Pol\u00edcia nacional vai apostar em ac\u00e7\u00f5es para elevar o n\u00edvel de seguran\u00e7a \u00e0 popula\u00e7\u00e3o"},"content":{"rendered":"<p><img loading=\"lazy\" class=\"size-medium wp-image-49623 aligncenter\" src=\"https:\/\/rna.ao\/rna.ao\/wp-content\/uploads\/2022\/01\/272151515_297264512435412_5673448741204778766_n-770x578.jpg\" alt=\"\" width=\"770\" height=\"578\" srcset=\"https:\/\/rna.ao\/rna.ao\/wp-content\/uploads\/2022\/01\/272151515_297264512435412_5673448741204778766_n-770x578.jpg 770w, https:\/\/rna.ao\/rna.ao\/wp-content\/uploads\/2022\/01\/272151515_297264512435412_5673448741204778766_n-768x576.jpg 768w, https:\/\/rna.ao\/rna.ao\/wp-content\/uploads\/2022\/01\/272151515_297264512435412_5673448741204778766_n.jpg 960w\" sizes=\"(max-width: 770px) 100vw, 770px\" \/>O novo Comandante-Geral da Pol\u00edcia nacional, Arnaldo Manuel Carlos, revelou, na quinta-feira, 20 de Janeiro, que vai apostar em ac\u00e7\u00f5es preventivas, para elevar o n\u00edvel de seguran\u00e7a e paz social \u00e0 popula\u00e7\u00e3o. O Comiss\u00e1rio-geral Arnaldo manuel Carlos falava aquando da sua apresenta\u00e7\u00e3o, aos membros dos \u00f3rg\u00e3os executivos centrais do Minist\u00e9rio do Interior, e da Pol\u00edcia nacional. Clique no \u00e1udio e ou\u00e7a:<\/p>\n\t<div class=\"qtmplayer-playlist-large\">\n\t\t<ul class=\"qtmplayer-playlist\">\n\t\t\t\n\t\t\t\t\t<li class=\"qtmplayer-trackitem\">\n\t\t<img src=\"https:\/\/rna.ao\/rna.ao\/wp-content\/uploads\/2022\/01\/Arnaldo-manuel-Carlos-100x100.jpg\" alt=\"cover\">\t\t<span \t\t\tdata-qtmplayer-cover=\"https:\/\/rna.ao\/rna.ao\/wp-content\/uploads\/2022\/01\/Arnaldo-manuel-Carlos.jpg\"\n\t\t\t\t\t\tdata-qtmplayer-file=\"https:\/\/rna.ao\/rna.ao\/wp-content\/uploads\/2022\/01\/ARNALDO-CARLOS-6HRS.mp3\"\n\t\t\t\t\t\tdata-qtmplayer-title=\"Novo Comandante-Geral da Pol\u00edcia nacional vai apostar em ac\u00e7\u00f5es para elevar o n\u00edvel de seguran\u00e7a \u00e0 popula\u00e7\u00e3o\"\n\t\t\t\t\t\tdata-qtmplayer-artist=\"RNA\"\n\t\t\t\t\t\tdata-qtmplayer-link=\"https:\/\/rna.ao\/rna.ao\/2022\/01\/21\/novo-comandante-geral-da-policia-nacional-vai-apostar-em-accoes-para-elevar-o-nivel-de-seguranca-a-populacao\/\"\n\t\t\t\t\t\tdata-qtmplayer-icon=\"file_download\"\n\t\t\t\t\t\tdata-qtmplayer-type=\"track\"\n\t\t\t class=\"qtmplayer-play qtmplayer-link-sec qtmplayer-play-btn\"><i class='material-icons'>play_arrow<\/i><\/span>\n\t\t<p>\n\t\t\t<span class=\"qtmplayer-tit\">Novo Comandante-Geral da Pol\u00edcia nacional vai apostar em ac\u00e7\u00f5es para elevar o n\u00edvel de seguran\u00e7a \u00e0 popula\u00e7\u00e3o<\/span>\n\t\t\t<span class=\"qtmplayer-art\">RNA<\/span>\n\t\t<\/p>\n\t<\/li>\n\t\t<\/ul>\n\t<\/div>\t\t\t\n\t\n<p>Fonte: RNA<\/p>\n","protected":false},"excerpt":{"rendered":"<p>O novo Comandante-Geral da Pol\u00edcia nacional, Arnaldo Manuel Carlos, revelou, na quinta-feira, 20 de Janeiro, que vai apostar em ac\u00e7\u00f5es preventivas, para elevar o n\u00edvel de seguran\u00e7a e paz social \u00e0 popula\u00e7\u00e3o. O Comiss\u00e1rio-geral Arnaldo manuel Carlos falava aquando da sua apresenta\u00e7\u00e3o, aos membros dos \u00f3rg\u00e3os executivos centrais do Minist\u00e9rio ...<\/p>\n","protected":false},"author":8,"featured_media":49624,"comment_status":"closed","ping_status":"closed","sticky":false,"template":"","format":"standard","meta":[],"categories":[142,121,163],"tags":[],"_links":{"self":[{"href":"https:\/\/rna.ao\/rna.ao\/wp-json\/wp\/v2\/posts\/49621"}],"collection":[{"href":"https:\/\/rna.ao\/rna.ao\/wp-json\/wp\/v2\/posts"}],"about":[{"href":"https:\/\/rna.ao\/rna.ao\/wp-json\/wp\/v2\/types\/post"}],"author":[{"embeddable":true,"href":"https:\/\/rna.ao\/rna.ao\/wp-json\/wp\/v2\/users\/8"}],"replies":[{"embeddable":true,"href":"https:\/\/rna.ao\/rna.ao\/wp-json\/wp\/v2\/comments?post=49621"}],"version-history":[{"count":1,"href":"https:\/\/rna.ao\/rna.ao\/wp-json\/wp\/v2\/posts\/49621\/revisions"}],"predecessor-version":[{"id":49625,"href":"https:\/\/rna.ao\/rna.ao\/wp-json\/wp\/v2\/posts\/49621\/revisions\/49625"}],"wp:featuredmedia":[{"embeddable":true,"href":"https:\/\/rna.ao\/rna.ao\/wp-json\/wp\/v2\/media\/49624"}],"wp:attachment":[{"href":"https:\/\/rna.ao\/rna.ao\/wp-json\/wp\/v2\/media?parent=49621"}],"wp:term":[{"taxonomy":"category","embeddable":true,"href":"https:\/\/rna.ao\/rna.ao\/wp-json\/wp\/v2\/categories?post=49621"},{"taxonomy":"post_tag","embeddable":true,"href":"https:\/\/rna.ao\/rna.ao\/wp-json\/wp\/v2\/tags?post=49621"}],"curies":[{"name":"wp","href":"https:\/\/api.w.org\/{rel}","templated":true}]}}