{"id":49620,"date":"2022-01-21T06:35:15","date_gmt":"2022-01-21T05:35:15","guid":{"rendered":"https:\/\/rna.ao\/rna.ao\/?p=49620"},"modified":"2022-01-21T08:54:14","modified_gmt":"2022-01-21T07:54:14","slug":"desfile-aereo-marca-acto-central-dos-46-anos-da-forca-aerea-nacional","status":"publish","type":"post","link":"https:\/\/rna.ao\/rna.ao\/2022\/01\/21\/desfile-aereo-marca-acto-central-dos-46-anos-da-forca-aerea-nacional\/","title":{"rendered":"Desfile a\u00e9reo marca acto central dos 46 anos da For\u00e7a A\u00e9rea Nacional"},"content":{"rendered":"<p><img loading=\"lazy\" class=\" wp-image-49641 alignleft\" src=\"https:\/\/rna.ao\/rna.ao\/wp-content\/uploads\/2022\/01\/272107066_297329775762219_5888895364924421013_n-1.jpg\" alt=\"\" width=\"323\" height=\"251\" \/>A For\u00e7a A\u00e9rea Nacional, um dos ramos das For\u00e7as Armadas Angolanas, assinala esta sexta-feira, 21 de janeiro, 46 anos de exist\u00eancia. O acto central do anivers\u00e1rio acontece na capital do pa\u00eds, Luanda, na Base A\u00e9rea nacional, sob o lema: &#8220;For\u00e7a A\u00e9rea Nacional &#8211; Asas que Protegem o Pa\u00eds&#8221;, segundo o porta-voz do Estado-Maior General das For\u00e7as Armadas Angolanas, Brigadeiro Jorge Napole\u00e3o. Clique no \u00e1udio e ou\u00e7a:<\/p>\n\t<div class=\"qtmplayer-playlist-large\">\n\t\t<ul class=\"qtmplayer-playlist\">\n\t\t\t\n\t\t\t\t\t<li class=\"qtmplayer-trackitem\">\n\t\t<img src=\"https:\/\/rna.ao\/rna.ao\/wp-content\/uploads\/2022\/01\/Forca-aerea-100x100.jpg\" alt=\"cover\">\t\t<span \t\t\tdata-qtmplayer-cover=\"https:\/\/rna.ao\/rna.ao\/wp-content\/uploads\/2022\/01\/Forca-aerea.jpg\"\n\t\t\t\t\t\tdata-qtmplayer-file=\"https:\/\/rna.ao\/rna.ao\/wp-content\/uploads\/2022\/01\/JORGE-NAPOLEAO-1-6HRS.mp3\"\n\t\t\t\t\t\tdata-qtmplayer-title=\"Desfile a\u00e9reo marca acto central dos 46 anos da For\u00e7a A\u00e9rea Nacional\"\n\t\t\t\t\t\tdata-qtmplayer-artist=\"RNA\"\n\t\t\t\t\t\tdata-qtmplayer-link=\"https:\/\/rna.ao\/rna.ao\/2022\/01\/21\/desfile-aereo-marca-acto-central-dos-46-anos-da-forca-aerea-nacional\/\"\n\t\t\t\t\t\tdata-qtmplayer-icon=\"file_download\"\n\t\t\t\t\t\tdata-qtmplayer-type=\"track\"\n\t\t\t class=\"qtmplayer-play qtmplayer-link-sec qtmplayer-play-btn\"><i class='material-icons'>play_arrow<\/i><\/span>\n\t\t<p>\n\t\t\t<span class=\"qtmplayer-tit\">Desfile a\u00e9reo marca acto central dos 46 anos da For\u00e7a A\u00e9rea Nacional<\/span>\n\t\t\t<span class=\"qtmplayer-art\">RNA<\/span>\n\t\t<\/p>\n\t<\/li>\n\t\t<\/ul>\n\t<\/div>\t\t\t\n\t\n<p>Entre as actividades programadas, destaque para o desfile a\u00e9reo de pequenas propor\u00e7\u00f5es. O Brigadeiro Jorge Napole\u00e3o apela a popula\u00e7\u00e3o a n\u00e3o entrar em p\u00e2nico, pois, trata-se apenas de um desfile que visa o assinalar dos 46 anos daquele ramo das FAA. Clique no \u00e1udio e ou\u00e7a:<\/p>\n\t<div class=\"qtmplayer-playlist-large\">\n\t\t<ul class=\"qtmplayer-playlist\">\n\t\t\t\n\t\t\t\t\t<li class=\"qtmplayer-trackitem\">\n\t\t<img src=\"https:\/\/rna.ao\/rna.ao\/wp-content\/uploads\/2022\/01\/Forca-aerea-100x100.jpg\" alt=\"cover\">\t\t<span \t\t\tdata-qtmplayer-cover=\"https:\/\/rna.ao\/rna.ao\/wp-content\/uploads\/2022\/01\/Forca-aerea.jpg\"\n\t\t\t\t\t\tdata-qtmplayer-file=\"https:\/\/rna.ao\/rna.ao\/wp-content\/uploads\/2022\/01\/JORGE-NAPOLEAO-2-6HRS.mp3\"\n\t\t\t\t\t\tdata-qtmplayer-title=\"Desfile a\u00e9reo marca acto central dos 46 anos da For\u00e7a A\u00e9rea Nacional\"\n\t\t\t\t\t\tdata-qtmplayer-artist=\"RNA\"\n\t\t\t\t\t\tdata-qtmplayer-link=\"https:\/\/rna.ao\/rna.ao\/2022\/01\/21\/desfile-aereo-marca-acto-central-dos-46-anos-da-forca-aerea-nacional\/\"\n\t\t\t\t\t\tdata-qtmplayer-icon=\"file_download\"\n\t\t\t\t\t\tdata-qtmplayer-type=\"track\"\n\t\t\t class=\"qtmplayer-play qtmplayer-link-sec qtmplayer-play-btn\"><i class='material-icons'>play_arrow<\/i><\/span>\n\t\t<p>\n\t\t\t<span class=\"qtmplayer-tit\">Desfile a\u00e9reo marca acto central dos 46 anos da For\u00e7a A\u00e9rea Nacional<\/span>\n\t\t\t<span class=\"qtmplayer-art\">RNA<\/span>\n\t\t<\/p>\n\t<\/li>\n\t\t<\/ul>\n\t<\/div>\t\t\t\n\t\n<p>Fonte: RNA<\/p>\n","protected":false},"excerpt":{"rendered":"<p>A For\u00e7a A\u00e9rea Nacional, um dos ramos das For\u00e7as Armadas Angolanas, assinala esta sexta-feira, 21 de janeiro, 46 anos de exist\u00eancia. O acto central do anivers\u00e1rio acontece na capital do pa\u00eds, Luanda, na Base A\u00e9rea nacional, sob o lema: &#8220;For\u00e7a A\u00e9rea Nacional &#8211; Asas que Protegem o Pa\u00eds&#8221;, segundo o ...<\/p>\n","protected":false},"author":8,"featured_media":49642,"comment_status":"closed","ping_status":"closed","sticky":false,"template":"","format":"standard","meta":[],"categories":[142,121,163],"tags":[],"_links":{"self":[{"href":"https:\/\/rna.ao\/rna.ao\/wp-json\/wp\/v2\/posts\/49620"}],"collection":[{"href":"https:\/\/rna.ao\/rna.ao\/wp-json\/wp\/v2\/posts"}],"about":[{"href":"https:\/\/rna.ao\/rna.ao\/wp-json\/wp\/v2\/types\/post"}],"author":[{"embeddable":true,"href":"https:\/\/rna.ao\/rna.ao\/wp-json\/wp\/v2\/users\/8"}],"replies":[{"embeddable":true,"href":"https:\/\/rna.ao\/rna.ao\/wp-json\/wp\/v2\/comments?post=49620"}],"version-history":[{"count":3,"href":"https:\/\/rna.ao\/rna.ao\/wp-json\/wp\/v2\/posts\/49620\/revisions"}],"predecessor-version":[{"id":49688,"href":"https:\/\/rna.ao\/rna.ao\/wp-json\/wp\/v2\/posts\/49620\/revisions\/49688"}],"wp:featuredmedia":[{"embeddable":true,"href":"https:\/\/rna.ao\/rna.ao\/wp-json\/wp\/v2\/media\/49642"}],"wp:attachment":[{"href":"https:\/\/rna.ao\/rna.ao\/wp-json\/wp\/v2\/media?parent=49620"}],"wp:term":[{"taxonomy":"category","embeddable":true,"href":"https:\/\/rna.ao\/rna.ao\/wp-json\/wp\/v2\/categories?post=49620"},{"taxonomy":"post_tag","embeddable":true,"href":"https:\/\/rna.ao\/rna.ao\/wp-json\/wp\/v2\/tags?post=49620"}],"curies":[{"name":"wp","href":"https:\/\/api.w.org\/{rel}","templated":true}]}}