{"id":45367,"date":"2021-12-13T06:06:04","date_gmt":"2021-12-13T05:06:04","guid":{"rendered":"https:\/\/rna.ao\/rna.ao\/?p=45367"},"modified":"2021-12-14T08:32:55","modified_gmt":"2021-12-14T07:32:55","slug":"arranca-hoje-campanha-de-vacinacao-contra-o-sarampo-no-huambo","status":"publish","type":"post","link":"https:\/\/rna.ao\/rna.ao\/2021\/12\/13\/arranca-hoje-campanha-de-vacinacao-contra-o-sarampo-no-huambo\/","title":{"rendered":"Arranca hoje campanha de vacina\u00e7\u00e3o contra o Sarampo no Huambo"},"content":{"rendered":"<p style=\"font-weight: 400;\"><img loading=\"lazy\" class=\"size-full wp-image-32013 alignleft\" src=\"https:\/\/rna.ao\/rna.ao\/wp-content\/uploads\/2021\/07\/Vacina-contra-sarampo-1.jpg\" alt=\"\" width=\"288\" height=\"194\" \/>Come\u00e7a hoje, segunda-feira, 13 de Dezembro, no Munic\u00edpio sede do Huambo, uma campanha massiva de vacina\u00e7\u00e3o contra o Sarampo. As autoridades de sa\u00fade locais marcaram a campanha de vacina\u00e7\u00e3o, contra o sarampo, devido ao registo de 25 casos da doen\u00e7a em menores. Est\u00e3o dispon\u00edveis mais de 25 mil doses de vacinas contra o sarampo, da campanha que arranca com v\u00e1rios postos fixos e m\u00f3veis. Clique, no \u00e1udio abaixo, e ou\u00e7a mais dados na reportagem do Laurindo Vieira:<\/p>\n\t<div class=\"qtmplayer-playlist-large\">\n\t\t<ul class=\"qtmplayer-playlist\">\n\t\t\t\n\t\t\t\t\t<li class=\"qtmplayer-trackitem\">\n\t\t<img src=\"https:\/\/rna.ao\/rna.ao\/wp-content\/uploads\/2021\/07\/Vacina-contra-sarampo-1-100x100.jpg\" alt=\"cover\">\t\t<span \t\t\tdata-qtmplayer-cover=\"https:\/\/rna.ao\/rna.ao\/wp-content\/uploads\/2021\/07\/Vacina-contra-sarampo-1.jpg\"\n\t\t\t\t\t\tdata-qtmplayer-file=\"https:\/\/rna.ao\/rna.ao\/wp-content\/uploads\/2021\/12\/HUAMBO-SAUDE-6HRS.mp3\"\n\t\t\t\t\t\tdata-qtmplayer-title=\"Arranca hoje campanha de vacina\u00e7\u00e3o contra o Sarampo no Huambo\"\n\t\t\t\t\t\tdata-qtmplayer-artist=\"RNA\"\n\t\t\t\t\t\tdata-qtmplayer-link=\"https:\/\/rna.ao\/rna.ao\/2021\/12\/13\/arranca-hoje-campanha-de-vacinacao-contra-o-sarampo-no-huambo\/\"\n\t\t\t\t\t\tdata-qtmplayer-icon=\"file_download\"\n\t\t\t\t\t\tdata-qtmplayer-type=\"track\"\n\t\t\t class=\"qtmplayer-play qtmplayer-link-sec qtmplayer-play-btn\"><i class='material-icons'>play_arrow<\/i><\/span>\n\t\t<p>\n\t\t\t<span class=\"qtmplayer-tit\">Arranca hoje campanha de vacina\u00e7\u00e3o contra o Sarampo no Huambo<\/span>\n\t\t\t<span class=\"qtmplayer-art\">RNA<\/span>\n\t\t<\/p>\n\t<\/li>\n\t\t<\/ul>\n\t<\/div>\t\t\t\n\t\n<p style=\"font-weight: 400;\">De referir que, o refor\u00e7o da campanha de vacina\u00e7\u00e3o est\u00e1 a provar ser eficaz na redu\u00e7\u00e3o de novos casos positivos de infec\u00e7\u00f5es por Covid-19 a n\u00edvel do pa\u00eds. Nas \u00faltimas horas, as autoridades de sa\u00fade notificaram sete casos, dos quais seis em Luanda e um no Zaire. Neste per\u00edodo n\u00e3o foi registada nenhuma morte associada a doen\u00e7a e foram recuperados oito pacientes.<\/p>\n<p>Fonte: RNA<\/p>\n","protected":false},"excerpt":{"rendered":"<p>Come\u00e7a hoje, segunda-feira, 13 de Dezembro, no Munic\u00edpio sede do Huambo, uma campanha massiva de vacina\u00e7\u00e3o contra o Sarampo. As autoridades de sa\u00fade locais marcaram a campanha de vacina\u00e7\u00e3o, contra o sarampo, devido ao registo de 25 casos da doen\u00e7a em menores. Est\u00e3o dispon\u00edveis mais de 25 mil doses de ...<\/p>\n","protected":false},"author":8,"featured_media":32013,"comment_status":"closed","ping_status":"closed","sticky":false,"template":"","format":"standard","meta":[],"categories":[142,121,163],"tags":[],"_links":{"self":[{"href":"https:\/\/rna.ao\/rna.ao\/wp-json\/wp\/v2\/posts\/45367"}],"collection":[{"href":"https:\/\/rna.ao\/rna.ao\/wp-json\/wp\/v2\/posts"}],"about":[{"href":"https:\/\/rna.ao\/rna.ao\/wp-json\/wp\/v2\/types\/post"}],"author":[{"embeddable":true,"href":"https:\/\/rna.ao\/rna.ao\/wp-json\/wp\/v2\/users\/8"}],"replies":[{"embeddable":true,"href":"https:\/\/rna.ao\/rna.ao\/wp-json\/wp\/v2\/comments?post=45367"}],"version-history":[{"count":1,"href":"https:\/\/rna.ao\/rna.ao\/wp-json\/wp\/v2\/posts\/45367\/revisions"}],"predecessor-version":[{"id":45370,"href":"https:\/\/rna.ao\/rna.ao\/wp-json\/wp\/v2\/posts\/45367\/revisions\/45370"}],"wp:featuredmedia":[{"embeddable":true,"href":"https:\/\/rna.ao\/rna.ao\/wp-json\/wp\/v2\/media\/32013"}],"wp:attachment":[{"href":"https:\/\/rna.ao\/rna.ao\/wp-json\/wp\/v2\/media?parent=45367"}],"wp:term":[{"taxonomy":"category","embeddable":true,"href":"https:\/\/rna.ao\/rna.ao\/wp-json\/wp\/v2\/categories?post=45367"},{"taxonomy":"post_tag","embeddable":true,"href":"https:\/\/rna.ao\/rna.ao\/wp-json\/wp\/v2\/tags?post=45367"}],"curies":[{"name":"wp","href":"https:\/\/api.w.org\/{rel}","templated":true}]}}