{"id":45032,"date":"2021-12-08T11:37:21","date_gmt":"2021-12-08T10:37:21","guid":{"rendered":"https:\/\/rna.ao\/rna.ao\/?p=45032"},"modified":"2021-12-08T11:37:21","modified_gmt":"2021-12-08T10:37:21","slug":"moradores-da-centralidade-do-kilamba-reclamam-falta-de-capacidade-de-atendimento-do-centro-de-saude-local","status":"publish","type":"post","link":"https:\/\/rna.ao\/rna.ao\/2021\/12\/08\/moradores-da-centralidade-do-kilamba-reclamam-falta-de-capacidade-de-atendimento-do-centro-de-saude-local\/","title":{"rendered":"Moradores da Centralidade do Kilamba reclamam falta de capacidade de atendimento do Centro de Sa\u00fade local"},"content":{"rendered":"<p><img loading=\"lazy\" class=\"size-full wp-image-17479 alignleft\" src=\"https:\/\/rna.ao\/rna.ao\/wp-content\/uploads\/2021\/02\/Centro-de-Saude-Placa.jpg\" alt=\"\" width=\"299\" height=\"168\" \/>Os moradores da Centralidade do Kilamba reclamam da falta de capacidade de atendimento no Centro de Sa\u00fade local. os mesmos, afirmam que para eventuais casos graves, os pacientes s\u00e3o transferidos para outras Unidades distantes da Cidade. Clique no \u00e1udio e ou\u00e7a:<\/p>\n\t<div class=\"qtmplayer-playlist-large\">\n\t\t<ul class=\"qtmplayer-playlist\">\n\t\t\t\n\t\t\t\t\t<li class=\"qtmplayer-trackitem\">\n\t\t<img src=\"https:\/\/rna.ao\/rna.ao\/wp-content\/uploads\/2021\/02\/Centro-de-Saude-Placa-100x100.jpg\" alt=\"cover\">\t\t<span \t\t\tdata-qtmplayer-cover=\"https:\/\/rna.ao\/rna.ao\/wp-content\/uploads\/2021\/02\/Centro-de-Saude-Placa.jpg\"\n\t\t\t\t\t\tdata-qtmplayer-file=\"https:\/\/rna.ao\/rna.ao\/wp-content\/uploads\/2021\/12\/KILAMBA-HOSPITAL.mp3\"\n\t\t\t\t\t\tdata-qtmplayer-title=\"Moradores da Centralidade do Kilamba reclamam falta de capacidade de atendimento do Centro de Sa\u00fade local\"\n\t\t\t\t\t\tdata-qtmplayer-artist=\"RNA\"\n\t\t\t\t\t\tdata-qtmplayer-link=\"https:\/\/rna.ao\/rna.ao\/2021\/12\/08\/moradores-da-centralidade-do-kilamba-reclamam-falta-de-capacidade-de-atendimento-do-centro-de-saude-local\/\"\n\t\t\t\t\t\tdata-qtmplayer-icon=\"file_download\"\n\t\t\t\t\t\tdata-qtmplayer-type=\"track\"\n\t\t\t class=\"qtmplayer-play qtmplayer-link-sec qtmplayer-play-btn\"><i class='material-icons'>play_arrow<\/i><\/span>\n\t\t<p>\n\t\t\t<span class=\"qtmplayer-tit\">Moradores da Centralidade do Kilamba reclamam falta de capacidade de atendimento do Centro de Sa\u00fade local<\/span>\n\t\t\t<span class=\"qtmplayer-art\">RNA<\/span>\n\t\t<\/p>\n\t<\/li>\n\t\t<\/ul>\n\t<\/div>\t\t\t\n\t\n<p>Fonte: R\u00e1dio Luanda\/RNA<\/p>\n<p>&nbsp;<\/p>\n","protected":false},"excerpt":{"rendered":"<p>Os moradores da Centralidade do Kilamba reclamam da falta de capacidade de atendimento no Centro de Sa\u00fade local. os mesmos, afirmam que para eventuais casos graves, os pacientes s\u00e3o transferidos para outras Unidades distantes da Cidade. Clique no \u00e1udio e ou\u00e7a: Fonte: R\u00e1dio Luanda\/RNA &nbsp;<\/p>\n","protected":false},"author":8,"featured_media":17479,"comment_status":"closed","ping_status":"closed","sticky":false,"template":"","format":"standard","meta":[],"categories":[141,133],"tags":[],"_links":{"self":[{"href":"https:\/\/rna.ao\/rna.ao\/wp-json\/wp\/v2\/posts\/45032"}],"collection":[{"href":"https:\/\/rna.ao\/rna.ao\/wp-json\/wp\/v2\/posts"}],"about":[{"href":"https:\/\/rna.ao\/rna.ao\/wp-json\/wp\/v2\/types\/post"}],"author":[{"embeddable":true,"href":"https:\/\/rna.ao\/rna.ao\/wp-json\/wp\/v2\/users\/8"}],"replies":[{"embeddable":true,"href":"https:\/\/rna.ao\/rna.ao\/wp-json\/wp\/v2\/comments?post=45032"}],"version-history":[{"count":1,"href":"https:\/\/rna.ao\/rna.ao\/wp-json\/wp\/v2\/posts\/45032\/revisions"}],"predecessor-version":[{"id":45034,"href":"https:\/\/rna.ao\/rna.ao\/wp-json\/wp\/v2\/posts\/45032\/revisions\/45034"}],"wp:featuredmedia":[{"embeddable":true,"href":"https:\/\/rna.ao\/rna.ao\/wp-json\/wp\/v2\/media\/17479"}],"wp:attachment":[{"href":"https:\/\/rna.ao\/rna.ao\/wp-json\/wp\/v2\/media?parent=45032"}],"wp:term":[{"taxonomy":"category","embeddable":true,"href":"https:\/\/rna.ao\/rna.ao\/wp-json\/wp\/v2\/categories?post=45032"},{"taxonomy":"post_tag","embeddable":true,"href":"https:\/\/rna.ao\/rna.ao\/wp-json\/wp\/v2\/tags?post=45032"}],"curies":[{"name":"wp","href":"https:\/\/api.w.org\/{rel}","templated":true}]}}