{"id":45029,"date":"2021-12-08T11:34:20","date_gmt":"2021-12-08T10:34:20","guid":{"rendered":"https:\/\/rna.ao\/rna.ao\/?p=45029"},"modified":"2021-12-08T11:34:20","modified_gmt":"2021-12-08T10:34:20","slug":"prossegue-em-luanda-a-campanha-de-vacinacao-a-covid-19","status":"publish","type":"post","link":"https:\/\/rna.ao\/rna.ao\/2021\/12\/08\/prossegue-em-luanda-a-campanha-de-vacinacao-a-covid-19\/","title":{"rendered":"Prossegue em Luanda a campanha de vacina\u00e7\u00e3o \u00e0 Covid-19"},"content":{"rendered":"<p><img loading=\"lazy\" class=\"size-full wp-image-34969 alignleft\" src=\"https:\/\/rna.ao\/rna.ao\/wp-content\/uploads\/2021\/08\/Posto-de-vacinacao-Covid-19.jpg\" alt=\"\" width=\"296\" height=\"223\" \/>Prossegue em Luanda, capital do pa\u00eds, a campanha de vacina\u00e7\u00e3o \u00e0 Covid-19. Para esta quarta-feira, 08\/12, est\u00e3o dispon\u00edveis, em v\u00e1rios postos, vacinas para a primeira e segunda dose, segundo a coordenadora Provincial do Programa Alargado de Vacina\u00e7\u00e3o, Felismina Neto. Clique no \u00e1udio e ou\u00e7a:<\/p>\n\t<div class=\"qtmplayer-playlist-large\">\n\t\t<ul class=\"qtmplayer-playlist\">\n\t\t\t\n\t\t\t\t\t<li class=\"qtmplayer-trackitem\">\n\t\t<img src=\"https:\/\/rna.ao\/rna.ao\/wp-content\/uploads\/2021\/08\/Posto-de-vacinacao-Covid-19-100x100.jpg\" alt=\"cover\">\t\t<span \t\t\tdata-qtmplayer-cover=\"https:\/\/rna.ao\/rna.ao\/wp-content\/uploads\/2021\/08\/Posto-de-vacinacao-Covid-19.jpg\"\n\t\t\t\t\t\tdata-qtmplayer-file=\"https:\/\/rna.ao\/rna.ao\/wp-content\/uploads\/2021\/12\/FELISMINA-NETO-VACINAS.mp3\"\n\t\t\t\t\t\tdata-qtmplayer-title=\"Prossegue em Luanda a campanha de vacina\u00e7\u00e3o \u00e0 Covid-19\"\n\t\t\t\t\t\tdata-qtmplayer-artist=\"RNA\"\n\t\t\t\t\t\tdata-qtmplayer-link=\"https:\/\/rna.ao\/rna.ao\/2021\/12\/08\/prossegue-em-luanda-a-campanha-de-vacinacao-a-covid-19\/\"\n\t\t\t\t\t\tdata-qtmplayer-icon=\"file_download\"\n\t\t\t\t\t\tdata-qtmplayer-type=\"track\"\n\t\t\t class=\"qtmplayer-play qtmplayer-link-sec qtmplayer-play-btn\"><i class='material-icons'>play_arrow<\/i><\/span>\n\t\t<p>\n\t\t\t<span class=\"qtmplayer-tit\">Prossegue em Luanda a campanha de vacina\u00e7\u00e3o \u00e0 Covid-19<\/span>\n\t\t\t<span class=\"qtmplayer-art\">RNA<\/span>\n\t\t<\/p>\n\t<\/li>\n\t\t<\/ul>\n\t<\/div>\t\t\t\n\t\n<p>Fonte: R\u00e1dio Luanda\/RNA<\/p>\n<p>&nbsp;<\/p>\n","protected":false},"excerpt":{"rendered":"<p>Prossegue em Luanda, capital do pa\u00eds, a campanha de vacina\u00e7\u00e3o \u00e0 Covid-19. Para esta quarta-feira, 08\/12, est\u00e3o dispon\u00edveis, em v\u00e1rios postos, vacinas para a primeira e segunda dose, segundo a coordenadora Provincial do Programa Alargado de Vacina\u00e7\u00e3o, Felismina Neto. Clique no \u00e1udio e ou\u00e7a: Fonte: R\u00e1dio Luanda\/RNA &nbsp;<\/p>\n","protected":false},"author":8,"featured_media":34969,"comment_status":"closed","ping_status":"closed","sticky":false,"template":"","format":"standard","meta":[],"categories":[141,133],"tags":[],"_links":{"self":[{"href":"https:\/\/rna.ao\/rna.ao\/wp-json\/wp\/v2\/posts\/45029"}],"collection":[{"href":"https:\/\/rna.ao\/rna.ao\/wp-json\/wp\/v2\/posts"}],"about":[{"href":"https:\/\/rna.ao\/rna.ao\/wp-json\/wp\/v2\/types\/post"}],"author":[{"embeddable":true,"href":"https:\/\/rna.ao\/rna.ao\/wp-json\/wp\/v2\/users\/8"}],"replies":[{"embeddable":true,"href":"https:\/\/rna.ao\/rna.ao\/wp-json\/wp\/v2\/comments?post=45029"}],"version-history":[{"count":1,"href":"https:\/\/rna.ao\/rna.ao\/wp-json\/wp\/v2\/posts\/45029\/revisions"}],"predecessor-version":[{"id":45031,"href":"https:\/\/rna.ao\/rna.ao\/wp-json\/wp\/v2\/posts\/45029\/revisions\/45031"}],"wp:featuredmedia":[{"embeddable":true,"href":"https:\/\/rna.ao\/rna.ao\/wp-json\/wp\/v2\/media\/34969"}],"wp:attachment":[{"href":"https:\/\/rna.ao\/rna.ao\/wp-json\/wp\/v2\/media?parent=45029"}],"wp:term":[{"taxonomy":"category","embeddable":true,"href":"https:\/\/rna.ao\/rna.ao\/wp-json\/wp\/v2\/categories?post=45029"},{"taxonomy":"post_tag","embeddable":true,"href":"https:\/\/rna.ao\/rna.ao\/wp-json\/wp\/v2\/tags?post=45029"}],"curies":[{"name":"wp","href":"https:\/\/api.w.org\/{rel}","templated":true}]}}