{"id":45010,"date":"2021-12-08T07:06:51","date_gmt":"2021-12-08T06:06:51","guid":{"rendered":"https:\/\/rna.ao\/rna.ao\/?p=45010"},"modified":"2021-12-08T09:02:37","modified_gmt":"2021-12-08T08:02:37","slug":"secretario-executivo-da-casa-ce-no-namibe-enaltece-engajamento-do-pr-na-proteccao-da-flora","status":"publish","type":"post","link":"https:\/\/rna.ao\/rna.ao\/2021\/12\/08\/secretario-executivo-da-casa-ce-no-namibe-enaltece-engajamento-do-pr-na-proteccao-da-flora\/","title":{"rendered":"Secret\u00e1rio Executivo da CASA-Ce no Namibe enaltece engajamento do PR na protec\u00e7\u00e3o da flora"},"content":{"rendered":"<p><img loading=\"lazy\" class=\"size-medium wp-image-45012 aligncenter\" src=\"https:\/\/rna.ao\/rna.ao\/wp-content\/uploads\/2021\/12\/259855274_4721595584566895_1593809196401175222_n-770x513.jpg\" alt=\"\" width=\"770\" height=\"513\" srcset=\"https:\/\/rna.ao\/rna.ao\/wp-content\/uploads\/2021\/12\/259855274_4721595584566895_1593809196401175222_n-770x513.jpg 770w, https:\/\/rna.ao\/rna.ao\/wp-content\/uploads\/2021\/12\/259855274_4721595584566895_1593809196401175222_n-768x512.jpg 768w, https:\/\/rna.ao\/rna.ao\/wp-content\/uploads\/2021\/12\/259855274_4721595584566895_1593809196401175222_n.jpg 960w\" sizes=\"(max-width: 770px) 100vw, 770px\" \/>O Secret\u00e1rio Executivo da CASA-CE, na Prov\u00edncia do Namibe, d\u00e1 nota positiva ao Presidente da Rep\u00fablica, Jo\u00e3o Louren\u00e7o, pelo seu engajamento na protec\u00e7\u00e3o da flora, destacando o exemplo da recente planta\u00e7\u00e3o de \u00e1rvores na cidade de Mo\u00e7\u00e2medes, terra da welwitschia mirabilis. Clique, no \u00e1udio abaixo, e ou\u00e7a mais dados na reportagem do Elias Guito:<\/p>\n\t<div class=\"qtmplayer-playlist-large\">\n\t\t<ul class=\"qtmplayer-playlist\">\n\t\t\t\n\t\t\t\t\t<li class=\"qtmplayer-trackitem\">\n\t\t<img src=\"https:\/\/rna.ao\/rna.ao\/wp-content\/uploads\/2021\/12\/259855274_4721595584566895_1593809196401175222_n-100x100.jpg\" alt=\"cover\">\t\t<span \t\t\tdata-qtmplayer-cover=\"https:\/\/rna.ao\/rna.ao\/wp-content\/uploads\/2021\/12\/259855274_4721595584566895_1593809196401175222_n-370x370.jpg\"\n\t\t\t\t\t\tdata-qtmplayer-file=\"https:\/\/rna.ao\/rna.ao\/wp-content\/uploads\/2021\/12\/NAMIBE-CASA-CE-DA-NOTA-POSITIVA-AO-PR-07HRS.mp3\"\n\t\t\t\t\t\tdata-qtmplayer-title=\"Secret\u00e1rio Executivo da CASA-Ce no Namibe enaltece engajamento do PR na protec\u00e7\u00e3o da flora\"\n\t\t\t\t\t\tdata-qtmplayer-artist=\"RNA\"\n\t\t\t\t\t\tdata-qtmplayer-link=\"https:\/\/rna.ao\/rna.ao\/2021\/12\/08\/secretario-executivo-da-casa-ce-no-namibe-enaltece-engajamento-do-pr-na-proteccao-da-flora\/\"\n\t\t\t\t\t\tdata-qtmplayer-icon=\"file_download\"\n\t\t\t\t\t\tdata-qtmplayer-type=\"track\"\n\t\t\t class=\"qtmplayer-play qtmplayer-link-sec qtmplayer-play-btn\"><i class='material-icons'>play_arrow<\/i><\/span>\n\t\t<p>\n\t\t\t<span class=\"qtmplayer-tit\">Secret\u00e1rio Executivo da CASA-Ce no Namibe enaltece engajamento do PR na protec\u00e7\u00e3o da flora<\/span>\n\t\t\t<span class=\"qtmplayer-art\">RNA<\/span>\n\t\t<\/p>\n\t<\/li>\n\t\t<\/ul>\n\t<\/div>\t\t\t\n\t\n<p>Fonte: RNA<\/p>\n","protected":false},"excerpt":{"rendered":"<p>O Secret\u00e1rio Executivo da CASA-CE, na Prov\u00edncia do Namibe, d\u00e1 nota positiva ao Presidente da Rep\u00fablica, Jo\u00e3o Louren\u00e7o, pelo seu engajamento na protec\u00e7\u00e3o da flora, destacando o exemplo da recente planta\u00e7\u00e3o de \u00e1rvores na cidade de Mo\u00e7\u00e2medes, terra da welwitschia mirabilis. Clique, no \u00e1udio abaixo, e ou\u00e7a mais dados na ...<\/p>\n","protected":false},"author":8,"featured_media":45012,"comment_status":"closed","ping_status":"closed","sticky":false,"template":"","format":"standard","meta":[],"categories":[142,121,163],"tags":[],"_links":{"self":[{"href":"https:\/\/rna.ao\/rna.ao\/wp-json\/wp\/v2\/posts\/45010"}],"collection":[{"href":"https:\/\/rna.ao\/rna.ao\/wp-json\/wp\/v2\/posts"}],"about":[{"href":"https:\/\/rna.ao\/rna.ao\/wp-json\/wp\/v2\/types\/post"}],"author":[{"embeddable":true,"href":"https:\/\/rna.ao\/rna.ao\/wp-json\/wp\/v2\/users\/8"}],"replies":[{"embeddable":true,"href":"https:\/\/rna.ao\/rna.ao\/wp-json\/wp\/v2\/comments?post=45010"}],"version-history":[{"count":2,"href":"https:\/\/rna.ao\/rna.ao\/wp-json\/wp\/v2\/posts\/45010\/revisions"}],"predecessor-version":[{"id":45015,"href":"https:\/\/rna.ao\/rna.ao\/wp-json\/wp\/v2\/posts\/45010\/revisions\/45015"}],"wp:featuredmedia":[{"embeddable":true,"href":"https:\/\/rna.ao\/rna.ao\/wp-json\/wp\/v2\/media\/45012"}],"wp:attachment":[{"href":"https:\/\/rna.ao\/rna.ao\/wp-json\/wp\/v2\/media?parent=45010"}],"wp:term":[{"taxonomy":"category","embeddable":true,"href":"https:\/\/rna.ao\/rna.ao\/wp-json\/wp\/v2\/categories?post=45010"},{"taxonomy":"post_tag","embeddable":true,"href":"https:\/\/rna.ao\/rna.ao\/wp-json\/wp\/v2\/tags?post=45010"}],"curies":[{"name":"wp","href":"https:\/\/api.w.org\/{rel}","templated":true}]}}