{"id":45004,"date":"2021-12-08T07:53:52","date_gmt":"2021-12-08T06:53:52","guid":{"rendered":"https:\/\/rna.ao\/rna.ao\/?p=45004"},"modified":"2021-12-08T07:53:52","modified_gmt":"2021-12-08T06:53:52","slug":"mpla-prepara-homenagem-digna-para-os-camaradas-que-deixam-a-direccao-do-partido","status":"publish","type":"post","link":"https:\/\/rna.ao\/rna.ao\/2021\/12\/08\/mpla-prepara-homenagem-digna-para-os-camaradas-que-deixam-a-direccao-do-partido\/","title":{"rendered":"MPLA prepara &#8220;homenagem digna&#8221; para os camaradas que deixam a Direc\u00e7\u00e3o do partido"},"content":{"rendered":"<p><img loading=\"lazy\" class=\"size-full wp-image-44933 alignleft\" src=\"https:\/\/rna.ao\/rna.ao\/wp-content\/uploads\/2021\/12\/images-1.jpg\" alt=\"\" width=\"226\" height=\"223\" srcset=\"https:\/\/rna.ao\/rna.ao\/wp-content\/uploads\/2021\/12\/images-1.jpg 226w, https:\/\/rna.ao\/rna.ao\/wp-content\/uploads\/2021\/12\/images-1-100x100.jpg 100w\" sizes=\"(max-width: 226px) 100vw, 226px\" \/>O MPLA aprovou na ter\u00e7a-feira, 07\/12, a paridade dos seus \u00f3rg\u00e3os, que passa a ter, com a realiza\u00e7\u00e3o do VIII Congresso Ordin\u00e1rio, 346 homens e 347 mulheres, perfazendo um total de 693 novos membros. A decis\u00e3o foi tomada durante a realiza\u00e7\u00e3o da VII sess\u00e3o extraordin\u00e1ria do Comit\u00e9 Central, orientada pelo Presidente do partido Jo\u00e3o Louren\u00e7o, que sublinhou a import\u00e2ncia da paridade do g\u00eanero, dentro do MPLA, e a renova\u00e7\u00e3o do Comit\u00e9 Central. Clique no \u00e1udio e ou\u00e7a:<\/p>\n\t<div class=\"qtmplayer-playlist-large\">\n\t\t<ul class=\"qtmplayer-playlist\">\n\t\t\t\n\t\t\t\t\t<li class=\"qtmplayer-trackitem\">\n\t\t<img src=\"https:\/\/rna.ao\/rna.ao\/wp-content\/uploads\/2020\/10\/sede-do-MPLA-100x100.jpg\" alt=\"cover\">\t\t<span \t\t\tdata-qtmplayer-cover=\"https:\/\/rna.ao\/rna.ao\/wp-content\/uploads\/2020\/10\/sede-do-MPLA.jpg\"\n\t\t\t\t\t\tdata-qtmplayer-file=\"https:\/\/rna.ao\/rna.ao\/wp-content\/uploads\/2021\/12\/JOAO-LOURENCO-1-07-HRS-BOM.mp3\"\n\t\t\t\t\t\tdata-qtmplayer-title=\"MPLA prepara &#8220;homenagem digna&#8221; para os camaradas que deixam a Direc\u00e7\u00e3o do partido\"\n\t\t\t\t\t\tdata-qtmplayer-artist=\"RNA\"\n\t\t\t\t\t\tdata-qtmplayer-link=\"https:\/\/rna.ao\/rna.ao\/2021\/12\/08\/mpla-prepara-homenagem-digna-para-os-camaradas-que-deixam-a-direccao-do-partido\/\"\n\t\t\t\t\t\tdata-qtmplayer-icon=\"file_download\"\n\t\t\t\t\t\tdata-qtmplayer-type=\"track\"\n\t\t\t class=\"qtmplayer-play qtmplayer-link-sec qtmplayer-play-btn\"><i class='material-icons'>play_arrow<\/i><\/span>\n\t\t<p>\n\t\t\t<span class=\"qtmplayer-tit\">MPLA prepara &#8220;homenagem digna&#8221; para os camaradas que deixam a Direc\u00e7\u00e3o do partido<\/span>\n\t\t\t<span class=\"qtmplayer-art\">RNA<\/span>\n\t\t<\/p>\n\t<\/li>\n\t\t<\/ul>\n\t<\/div>\t\t\t\n\t\n<p>Para o Presidente do &#8220;partido dos camaradas&#8221;, Jo\u00e3o Louren\u00e7o, \u00e9 importante reconhecer o valor dos que deixam a Direc\u00e7\u00e3o do MPLA, para as gera\u00e7\u00f5es mais novas. Clique no \u00e1udio e ou\u00e7a:<\/p>\n\t<div class=\"qtmplayer-playlist-large\">\n\t\t<ul class=\"qtmplayer-playlist\">\n\t\t\t\n\t\t\t\t\t<li class=\"qtmplayer-trackitem\">\n\t\t<img src=\"https:\/\/rna.ao\/rna.ao\/wp-content\/uploads\/2020\/10\/sede-do-MPLA-100x100.jpg\" alt=\"cover\">\t\t<span \t\t\tdata-qtmplayer-cover=\"https:\/\/rna.ao\/rna.ao\/wp-content\/uploads\/2020\/10\/sede-do-MPLA.jpg\"\n\t\t\t\t\t\tdata-qtmplayer-file=\"https:\/\/rna.ao\/rna.ao\/wp-content\/uploads\/2021\/12\/JOAO-LOURENCO-2-07-HRS-BOM.mp3\"\n\t\t\t\t\t\tdata-qtmplayer-title=\"MPLA prepara &#8220;homenagem digna&#8221; para os camaradas que deixam a Direc\u00e7\u00e3o do partido\"\n\t\t\t\t\t\tdata-qtmplayer-artist=\"RNA\"\n\t\t\t\t\t\tdata-qtmplayer-link=\"https:\/\/rna.ao\/rna.ao\/2021\/12\/08\/mpla-prepara-homenagem-digna-para-os-camaradas-que-deixam-a-direccao-do-partido\/\"\n\t\t\t\t\t\tdata-qtmplayer-icon=\"file_download\"\n\t\t\t\t\t\tdata-qtmplayer-type=\"track\"\n\t\t\t class=\"qtmplayer-play qtmplayer-link-sec qtmplayer-play-btn\"><i class='material-icons'>play_arrow<\/i><\/span>\n\t\t<p>\n\t\t\t<span class=\"qtmplayer-tit\">MPLA prepara &#8220;homenagem digna&#8221; para os camaradas que deixam a Direc\u00e7\u00e3o do partido<\/span>\n\t\t\t<span class=\"qtmplayer-art\">RNA<\/span>\n\t\t<\/p>\n\t<\/li>\n\t\t<\/ul>\n\t<\/div>\t\t\t\n\t\n<p>Os estatutos do MPLA, a serem aprovados durante o Congresso, preveem a cria\u00e7\u00e3o de um \u00f3rg\u00e3o de consulta do partido. Jo\u00e3o Louren\u00e7o disse que este \u00f3rg\u00e3o poder\u00e1 ser chamado de Conselho de Honra. O Presidente do MPLA defende, que depois de d\u00e9cadas ao servi\u00e7o do partido, os seus camaradas n\u00e3o devem largar a direc\u00e7\u00e3o do MPLA sem reconhecimento. Clique no \u00e1udio e ou\u00e7a:<\/p>\n\t<div class=\"qtmplayer-playlist-large\">\n\t\t<ul class=\"qtmplayer-playlist\">\n\t\t\t\n\t\t\t\t\t<li class=\"qtmplayer-trackitem\">\n\t\t<img src=\"https:\/\/rna.ao\/rna.ao\/wp-content\/uploads\/2020\/10\/sede-do-MPLA-100x100.jpg\" alt=\"cover\">\t\t<span \t\t\tdata-qtmplayer-cover=\"https:\/\/rna.ao\/rna.ao\/wp-content\/uploads\/2020\/10\/sede-do-MPLA.jpg\"\n\t\t\t\t\t\tdata-qtmplayer-file=\"https:\/\/rna.ao\/rna.ao\/wp-content\/uploads\/2021\/12\/JOAO-LOURENCO-3-07-HRS-BOM.mp3\"\n\t\t\t\t\t\tdata-qtmplayer-title=\"MPLA prepara &#8220;homenagem digna&#8221; para os camaradas que deixam a Direc\u00e7\u00e3o do partido\"\n\t\t\t\t\t\tdata-qtmplayer-artist=\"RNA\"\n\t\t\t\t\t\tdata-qtmplayer-link=\"https:\/\/rna.ao\/rna.ao\/2021\/12\/08\/mpla-prepara-homenagem-digna-para-os-camaradas-que-deixam-a-direccao-do-partido\/\"\n\t\t\t\t\t\tdata-qtmplayer-icon=\"file_download\"\n\t\t\t\t\t\tdata-qtmplayer-type=\"track\"\n\t\t\t class=\"qtmplayer-play qtmplayer-link-sec qtmplayer-play-btn\"><i class='material-icons'>play_arrow<\/i><\/span>\n\t\t<p>\n\t\t\t<span class=\"qtmplayer-tit\">MPLA prepara &#8220;homenagem digna&#8221; para os camaradas que deixam a Direc\u00e7\u00e3o do partido<\/span>\n\t\t\t<span class=\"qtmplayer-art\">RNA<\/span>\n\t\t<\/p>\n\t<\/li>\n\t\t<\/ul>\n\t<\/div>\t\t\t\n\t\n<p>Fonte: RNA<\/p>\n","protected":false},"excerpt":{"rendered":"<p>O MPLA aprovou na ter\u00e7a-feira, 07\/12, a paridade dos seus \u00f3rg\u00e3os, que passa a ter, com a realiza\u00e7\u00e3o do VIII Congresso Ordin\u00e1rio, 346 homens e 347 mulheres, perfazendo um total de 693 novos membros. A decis\u00e3o foi tomada durante a realiza\u00e7\u00e3o da VII sess\u00e3o extraordin\u00e1ria do Comit\u00e9 Central, orientada pelo ...<\/p>\n","protected":false},"author":8,"featured_media":9978,"comment_status":"closed","ping_status":"closed","sticky":false,"template":"","format":"standard","meta":[],"categories":[142,121,163],"tags":[],"_links":{"self":[{"href":"https:\/\/rna.ao\/rna.ao\/wp-json\/wp\/v2\/posts\/45004"}],"collection":[{"href":"https:\/\/rna.ao\/rna.ao\/wp-json\/wp\/v2\/posts"}],"about":[{"href":"https:\/\/rna.ao\/rna.ao\/wp-json\/wp\/v2\/types\/post"}],"author":[{"embeddable":true,"href":"https:\/\/rna.ao\/rna.ao\/wp-json\/wp\/v2\/users\/8"}],"replies":[{"embeddable":true,"href":"https:\/\/rna.ao\/rna.ao\/wp-json\/wp\/v2\/comments?post=45004"}],"version-history":[{"count":1,"href":"https:\/\/rna.ao\/rna.ao\/wp-json\/wp\/v2\/posts\/45004\/revisions"}],"predecessor-version":[{"id":45009,"href":"https:\/\/rna.ao\/rna.ao\/wp-json\/wp\/v2\/posts\/45004\/revisions\/45009"}],"wp:featuredmedia":[{"embeddable":true,"href":"https:\/\/rna.ao\/rna.ao\/wp-json\/wp\/v2\/media\/9978"}],"wp:attachment":[{"href":"https:\/\/rna.ao\/rna.ao\/wp-json\/wp\/v2\/media?parent=45004"}],"wp:term":[{"taxonomy":"category","embeddable":true,"href":"https:\/\/rna.ao\/rna.ao\/wp-json\/wp\/v2\/categories?post=45004"},{"taxonomy":"post_tag","embeddable":true,"href":"https:\/\/rna.ao\/rna.ao\/wp-json\/wp\/v2\/tags?post=45004"}],"curies":[{"name":"wp","href":"https:\/\/api.w.org\/{rel}","templated":true}]}}