{"id":44992,"date":"2021-12-08T07:35:03","date_gmt":"2021-12-08T06:35:03","guid":{"rendered":"https:\/\/rna.ao\/rna.ao\/?p=44992"},"modified":"2021-12-08T07:35:03","modified_gmt":"2021-12-08T06:35:03","slug":"festac-arranca-hoje-em-luanda-com-participacao-de-grupos-nacionais-e-internacionais","status":"publish","type":"post","link":"https:\/\/rna.ao\/rna.ao\/2021\/12\/08\/festac-arranca-hoje-em-luanda-com-participacao-de-grupos-nacionais-e-internacionais\/","title":{"rendered":"FESTAC arranca hoje em Luanda com participa\u00e7\u00e3o de grupos nacionais e internacionais"},"content":{"rendered":"<p><img loading=\"lazy\" class=\"size-full wp-image-45002 alignleft\" src=\"https:\/\/rna.ao\/rna.ao\/wp-content\/uploads\/2021\/12\/FESTECA.jpg\" alt=\"\" width=\"288\" height=\"231\" \/>Arranca esta quarta-feira, 08 de Dezembro, o Festival Internacional de Teatro do Cazenga (FESTECA), com a pe\u00e7a Gimbambe. Angola, Brasil, Cabo-Verde, Fran\u00e7a e Portugal s\u00e3o os pa\u00edses que dever\u00e3o participar da edi\u00e7\u00e3o 16 do evento. Clique, no \u00e1udio abaixo, e saiba mais na reportagem do Ant\u00f3nio Capapa:<\/p>\n\t<div class=\"qtmplayer-playlist-large\">\n\t\t<ul class=\"qtmplayer-playlist\">\n\t\t\t\n\t\t\t\t\t<li class=\"qtmplayer-trackitem\">\n\t\t<img src=\"https:\/\/rna.ao\/rna.ao\/wp-content\/uploads\/2021\/12\/FESTECA-100x100.jpg\" alt=\"cover\">\t\t<span \t\t\tdata-qtmplayer-cover=\"https:\/\/rna.ao\/rna.ao\/wp-content\/uploads\/2021\/12\/FESTECA.jpg\"\n\t\t\t\t\t\tdata-qtmplayer-file=\"https:\/\/rna.ao\/rna.ao\/wp-content\/uploads\/2021\/12\/ANTONIO-CAPAPA-FESTECA-07HRS.mp3\"\n\t\t\t\t\t\tdata-qtmplayer-title=\"FESTAC arranca hoje em Luanda com participa\u00e7\u00e3o de grupos nacionais e internacionais\"\n\t\t\t\t\t\tdata-qtmplayer-artist=\"RNA\"\n\t\t\t\t\t\tdata-qtmplayer-link=\"https:\/\/rna.ao\/rna.ao\/2021\/12\/08\/festac-arranca-hoje-em-luanda-com-participacao-de-grupos-nacionais-e-internacionais\/\"\n\t\t\t\t\t\tdata-qtmplayer-icon=\"file_download\"\n\t\t\t\t\t\tdata-qtmplayer-type=\"track\"\n\t\t\t class=\"qtmplayer-play qtmplayer-link-sec qtmplayer-play-btn\"><i class='material-icons'>play_arrow<\/i><\/span>\n\t\t<p>\n\t\t\t<span class=\"qtmplayer-tit\">FESTAC arranca hoje em Luanda com participa\u00e7\u00e3o de grupos nacionais e internacionais<\/span>\n\t\t\t<span class=\"qtmplayer-art\">RNA<\/span>\n\t\t<\/p>\n\t<\/li>\n\t\t<\/ul>\n\t<\/div>\t\t\t\n\t\n<p>Fonte: RNA<\/p>\n","protected":false},"excerpt":{"rendered":"<p>Arranca esta quarta-feira, 08 de Dezembro, o Festival Internacional de Teatro do Cazenga (FESTECA), com a pe\u00e7a Gimbambe. Angola, Brasil, Cabo-Verde, Fran\u00e7a e Portugal s\u00e3o os pa\u00edses que dever\u00e3o participar da edi\u00e7\u00e3o 16 do evento. Clique, no \u00e1udio abaixo, e saiba mais na reportagem do Ant\u00f3nio Capapa: Fonte: RNA<\/p>\n","protected":false},"author":8,"featured_media":45002,"comment_status":"closed","ping_status":"closed","sticky":false,"template":"","format":"standard","meta":[],"categories":[141,133,163],"tags":[],"_links":{"self":[{"href":"https:\/\/rna.ao\/rna.ao\/wp-json\/wp\/v2\/posts\/44992"}],"collection":[{"href":"https:\/\/rna.ao\/rna.ao\/wp-json\/wp\/v2\/posts"}],"about":[{"href":"https:\/\/rna.ao\/rna.ao\/wp-json\/wp\/v2\/types\/post"}],"author":[{"embeddable":true,"href":"https:\/\/rna.ao\/rna.ao\/wp-json\/wp\/v2\/users\/8"}],"replies":[{"embeddable":true,"href":"https:\/\/rna.ao\/rna.ao\/wp-json\/wp\/v2\/comments?post=44992"}],"version-history":[{"count":1,"href":"https:\/\/rna.ao\/rna.ao\/wp-json\/wp\/v2\/posts\/44992\/revisions"}],"predecessor-version":[{"id":45003,"href":"https:\/\/rna.ao\/rna.ao\/wp-json\/wp\/v2\/posts\/44992\/revisions\/45003"}],"wp:featuredmedia":[{"embeddable":true,"href":"https:\/\/rna.ao\/rna.ao\/wp-json\/wp\/v2\/media\/45002"}],"wp:attachment":[{"href":"https:\/\/rna.ao\/rna.ao\/wp-json\/wp\/v2\/media?parent=44992"}],"wp:term":[{"taxonomy":"category","embeddable":true,"href":"https:\/\/rna.ao\/rna.ao\/wp-json\/wp\/v2\/categories?post=44992"},{"taxonomy":"post_tag","embeddable":true,"href":"https:\/\/rna.ao\/rna.ao\/wp-json\/wp\/v2\/tags?post=44992"}],"curies":[{"name":"wp","href":"https:\/\/api.w.org\/{rel}","templated":true}]}}