{"id":44980,"date":"2021-12-08T07:07:35","date_gmt":"2021-12-08T06:07:35","guid":{"rendered":"https:\/\/rna.ao\/rna.ao\/?p=44980"},"modified":"2021-12-08T07:07:35","modified_gmt":"2021-12-08T06:07:35","slug":"vice-pr-defende-mais-acao-na-protecao-da-crianca","status":"publish","type":"post","link":"https:\/\/rna.ao\/rna.ao\/2021\/12\/08\/vice-pr-defende-mais-acao-na-protecao-da-crianca\/","title":{"rendered":"Vice-PR defende mais a\u00e7\u00e3o na prote\u00e7\u00e3o da crian\u00e7a"},"content":{"rendered":"<p><img loading=\"lazy\" class=\"size-full wp-image-44985 alignleft\" src=\"https:\/\/rna.ao\/rna.ao\/wp-content\/uploads\/2021\/12\/Bornito-de-Sousa.jpg\" alt=\"\" width=\"302\" height=\"202\" \/>O Vice-Presidente da Rep\u00fablica de Angola, Bornito de Sousa, defendeu na ter\u00e7a-feira, 07\/12, pragmatismo e mais a\u00e7\u00e3o na prote\u00e7\u00e3o da crian\u00e7a, no nosso pa\u00eds, cuja taxa de natalidade \u00e9 das maiores do mundo. Para Bornito de Sousa, que discursava na cerim\u00f3nia comemorativa dos 75 anos da funda\u00e7\u00e3o do Fundo das Na\u00e7\u00f5es Unidas para a Inf\u00e2ncia (UNICEF), com a coloca\u00e7\u00e3o em pr\u00e1tica de normas estatu\u00eddas, \u00e9 poss\u00edvel reduzir as taxas de abandono escolar, de gravidez precoce e de casos de menores em conflito com a Lei. Ou\u00e7a, no \u00e1udio abaixo, o rep\u00f3rter Lopes Canhina com mais desenvolvimento:<\/p>\n\t<div class=\"qtmplayer-playlist-large\">\n\t\t<ul class=\"qtmplayer-playlist\">\n\t\t\t\n\t\t\t\t\t<li class=\"qtmplayer-trackitem\">\n\t\t<img src=\"https:\/\/rna.ao\/rna.ao\/wp-content\/uploads\/2021\/12\/Bornito-de-Sousa-100x100.jpg\" alt=\"cover\">\t\t<span \t\t\tdata-qtmplayer-cover=\"https:\/\/rna.ao\/rna.ao\/wp-content\/uploads\/2021\/12\/Bornito-de-Sousa.jpg\"\n\t\t\t\t\t\tdata-qtmplayer-file=\"https:\/\/rna.ao\/rna.ao\/wp-content\/uploads\/2021\/12\/LOPES-CANHINA-06HRS.mp3\"\n\t\t\t\t\t\tdata-qtmplayer-title=\"Vice-PR defende mais a\u00e7\u00e3o na prote\u00e7\u00e3o da crian\u00e7a\"\n\t\t\t\t\t\tdata-qtmplayer-artist=\"RNA\"\n\t\t\t\t\t\tdata-qtmplayer-link=\"https:\/\/rna.ao\/rna.ao\/2021\/12\/08\/vice-pr-defende-mais-acao-na-protecao-da-crianca\/\"\n\t\t\t\t\t\tdata-qtmplayer-icon=\"file_download\"\n\t\t\t\t\t\tdata-qtmplayer-type=\"track\"\n\t\t\t class=\"qtmplayer-play qtmplayer-link-sec qtmplayer-play-btn\"><i class='material-icons'>play_arrow<\/i><\/span>\n\t\t<p>\n\t\t\t<span class=\"qtmplayer-tit\">Vice-PR defende mais a\u00e7\u00e3o na prote\u00e7\u00e3o da crian\u00e7a<\/span>\n\t\t\t<span class=\"qtmplayer-art\">RNA<\/span>\n\t\t<\/p>\n\t<\/li>\n\t\t<\/ul>\n\t<\/div>\t\t\t\n\t\n<p>fonte: RNA<\/p>\n","protected":false},"excerpt":{"rendered":"<p>O Vice-Presidente da Rep\u00fablica de Angola, Bornito de Sousa, defendeu na ter\u00e7a-feira, 07\/12, pragmatismo e mais a\u00e7\u00e3o na prote\u00e7\u00e3o da crian\u00e7a, no nosso pa\u00eds, cuja taxa de natalidade \u00e9 das maiores do mundo. Para Bornito de Sousa, que discursava na cerim\u00f3nia comemorativa dos 75 anos da funda\u00e7\u00e3o do Fundo das ...<\/p>\n","protected":false},"author":8,"featured_media":44985,"comment_status":"closed","ping_status":"closed","sticky":false,"template":"","format":"standard","meta":[],"categories":[142,121,164,163],"tags":[],"_links":{"self":[{"href":"https:\/\/rna.ao\/rna.ao\/wp-json\/wp\/v2\/posts\/44980"}],"collection":[{"href":"https:\/\/rna.ao\/rna.ao\/wp-json\/wp\/v2\/posts"}],"about":[{"href":"https:\/\/rna.ao\/rna.ao\/wp-json\/wp\/v2\/types\/post"}],"author":[{"embeddable":true,"href":"https:\/\/rna.ao\/rna.ao\/wp-json\/wp\/v2\/users\/8"}],"replies":[{"embeddable":true,"href":"https:\/\/rna.ao\/rna.ao\/wp-json\/wp\/v2\/comments?post=44980"}],"version-history":[{"count":1,"href":"https:\/\/rna.ao\/rna.ao\/wp-json\/wp\/v2\/posts\/44980\/revisions"}],"predecessor-version":[{"id":44987,"href":"https:\/\/rna.ao\/rna.ao\/wp-json\/wp\/v2\/posts\/44980\/revisions\/44987"}],"wp:featuredmedia":[{"embeddable":true,"href":"https:\/\/rna.ao\/rna.ao\/wp-json\/wp\/v2\/media\/44985"}],"wp:attachment":[{"href":"https:\/\/rna.ao\/rna.ao\/wp-json\/wp\/v2\/media?parent=44980"}],"wp:term":[{"taxonomy":"category","embeddable":true,"href":"https:\/\/rna.ao\/rna.ao\/wp-json\/wp\/v2\/categories?post=44980"},{"taxonomy":"post_tag","embeddable":true,"href":"https:\/\/rna.ao\/rna.ao\/wp-json\/wp\/v2\/tags?post=44980"}],"curies":[{"name":"wp","href":"https:\/\/api.w.org\/{rel}","templated":true}]}}