{"id":44977,"date":"2021-12-08T07:27:40","date_gmt":"2021-12-08T06:27:40","guid":{"rendered":"https:\/\/rna.ao\/rna.ao\/?p=44977"},"modified":"2021-12-08T08:25:56","modified_gmt":"2021-12-08T07:25:56","slug":"azulejos-produzidos-no-bengo-comecam-a-ser-exportados-para-africa-do-sul-e-zambia","status":"publish","type":"post","link":"https:\/\/rna.ao\/rna.ao\/2021\/12\/08\/azulejos-produzidos-no-bengo-comecam-a-ser-exportados-para-africa-do-sul-e-zambia\/","title":{"rendered":"Azulejos produzidos no Bengo come\u00e7am a ser exportados para \u00c1frica do Sul e Z\u00e2mbia"},"content":{"rendered":"<p><img loading=\"lazy\" class=\"size-full wp-image-44999 alignleft\" src=\"https:\/\/rna.ao\/rna.ao\/wp-content\/uploads\/2021\/12\/Fabrica-de-Azulejos-Bengo.gif\" alt=\"\" width=\"301\" height=\"221\" \/>Os azulejos e mosaicos produzidos no parque industrial da Barra do Dande, na Prov\u00edncia do Bengo, come\u00e7am, brevemente, a ser exportados para a \u00c1frica do Sul e Z\u00e2mbia. A unidade produz diariamente quarenta mil caixas de mosaicos, e igual n\u00famero de azulejos. Saiba mais, no \u00e1udio abaixo, na reportagem do Eduardo Mota:<\/p>\n\t<div class=\"qtmplayer-playlist-large\">\n\t\t<ul class=\"qtmplayer-playlist\">\n\t\t\t\n\t\t\t\t\t<li class=\"qtmplayer-trackitem\">\n\t\t<img src=\"https:\/\/rna.ao\/rna.ao\/wp-content\/uploads\/2021\/12\/Fabrica-de-Azulejos-Bengo-100x100.gif\" alt=\"cover\">\t\t<span \t\t\tdata-qtmplayer-cover=\"https:\/\/rna.ao\/rna.ao\/wp-content\/uploads\/2021\/12\/Fabrica-de-Azulejos-Bengo.gif\"\n\t\t\t\t\t\tdata-qtmplayer-file=\"https:\/\/rna.ao\/rna.ao\/wp-content\/uploads\/2021\/12\/BENGO-PRODUCAO-DE-MOZAICOS-E-AZULEIJOS-07HRS.mp3\"\n\t\t\t\t\t\tdata-qtmplayer-title=\"Azulejos produzidos no Bengo come\u00e7am a ser exportados para \u00c1frica do Sul e Z\u00e2mbia\"\n\t\t\t\t\t\tdata-qtmplayer-artist=\"RNA\"\n\t\t\t\t\t\tdata-qtmplayer-link=\"https:\/\/rna.ao\/rna.ao\/2021\/12\/08\/azulejos-produzidos-no-bengo-comecam-a-ser-exportados-para-africa-do-sul-e-zambia\/\"\n\t\t\t\t\t\tdata-qtmplayer-icon=\"file_download\"\n\t\t\t\t\t\tdata-qtmplayer-type=\"track\"\n\t\t\t class=\"qtmplayer-play qtmplayer-link-sec qtmplayer-play-btn\"><i class='material-icons'>play_arrow<\/i><\/span>\n\t\t<p>\n\t\t\t<span class=\"qtmplayer-tit\">Azulejos produzidos no Bengo come\u00e7am a ser exportados para \u00c1frica do Sul e Z\u00e2mbia<\/span>\n\t\t\t<span class=\"qtmplayer-art\">RNA<\/span>\n\t\t<\/p>\n\t<\/li>\n\t\t<\/ul>\n\t<\/div>\t\t\t\n\t\n<p>Fonte: RNA<\/p>\n","protected":false},"excerpt":{"rendered":"<p>Os azulejos e mosaicos produzidos no parque industrial da Barra do Dande, na Prov\u00edncia do Bengo, come\u00e7am, brevemente, a ser exportados para a \u00c1frica do Sul e Z\u00e2mbia. A unidade produz diariamente quarenta mil caixas de mosaicos, e igual n\u00famero de azulejos. Saiba mais, no \u00e1udio abaixo, na reportagem do ...<\/p>\n","protected":false},"author":8,"featured_media":44999,"comment_status":"closed","ping_status":"closed","sticky":false,"template":"","format":"standard","meta":[],"categories":[142,121,163,1],"tags":[],"_links":{"self":[{"href":"https:\/\/rna.ao\/rna.ao\/wp-json\/wp\/v2\/posts\/44977"}],"collection":[{"href":"https:\/\/rna.ao\/rna.ao\/wp-json\/wp\/v2\/posts"}],"about":[{"href":"https:\/\/rna.ao\/rna.ao\/wp-json\/wp\/v2\/types\/post"}],"author":[{"embeddable":true,"href":"https:\/\/rna.ao\/rna.ao\/wp-json\/wp\/v2\/users\/8"}],"replies":[{"embeddable":true,"href":"https:\/\/rna.ao\/rna.ao\/wp-json\/wp\/v2\/comments?post=44977"}],"version-history":[{"count":3,"href":"https:\/\/rna.ao\/rna.ao\/wp-json\/wp\/v2\/posts\/44977\/revisions"}],"predecessor-version":[{"id":45016,"href":"https:\/\/rna.ao\/rna.ao\/wp-json\/wp\/v2\/posts\/44977\/revisions\/45016"}],"wp:featuredmedia":[{"embeddable":true,"href":"https:\/\/rna.ao\/rna.ao\/wp-json\/wp\/v2\/media\/44999"}],"wp:attachment":[{"href":"https:\/\/rna.ao\/rna.ao\/wp-json\/wp\/v2\/media?parent=44977"}],"wp:term":[{"taxonomy":"category","embeddable":true,"href":"https:\/\/rna.ao\/rna.ao\/wp-json\/wp\/v2\/categories?post=44977"},{"taxonomy":"post_tag","embeddable":true,"href":"https:\/\/rna.ao\/rna.ao\/wp-json\/wp\/v2\/tags?post=44977"}],"curies":[{"name":"wp","href":"https:\/\/api.w.org\/{rel}","templated":true}]}}