{"id":44949,"date":"2021-12-08T05:51:00","date_gmt":"2021-12-08T04:51:00","guid":{"rendered":"https:\/\/rna.ao\/rna.ao\/?p=44949"},"modified":"2021-12-08T06:42:22","modified_gmt":"2021-12-08T05:42:22","slug":"atletismo-gambia-diz-sim-a-sao-silvestre-de-luanda","status":"publish","type":"post","link":"https:\/\/rna.ao\/rna.ao\/2021\/12\/08\/atletismo-gambia-diz-sim-a-sao-silvestre-de-luanda\/","title":{"rendered":"Atletismo: G\u00e2mbia diz &#8220;sim&#8221; \u00e0 S\u00e3o Silvestre de Luanda"},"content":{"rendered":"<p><img loading=\"lazy\" class=\"size-full wp-image-41222 alignleft\" src=\"https:\/\/rna.ao\/rna.ao\/wp-content\/uploads\/2021\/10\/Sao-Silvestre.jpg\" alt=\"\" width=\"314\" height=\"196\" \/>A direc\u00e7\u00e3o da Federa\u00e7\u00e3o Angolana de Atletismo voltou a chamar ter\u00e7a-feira, 07\/12, a imprensa, para fazer o ponto de situa\u00e7\u00e3o da &#8220;S\u00e3o Silvestre&#8221;, prova que sai \u00e0s ruas de Luanda a 31 de Dezembro. O ano passado n\u00e3o houve, por causa da Covid-19, mas este ano est\u00e1 de volta, e a G\u00e2mbia junta-se ao leque de pa\u00edses que diz &#8220;sim&#8221; a prova n\u00famero 65, com dez quil\u00f3metros de percurso. Clique, no \u00e1udio abaixo, e saiba mais com o rep\u00f3rter Augusto Arismendes:<\/p>\n\t<div class=\"qtmplayer-playlist-large\">\n\t\t<ul class=\"qtmplayer-playlist\">\n\t\t\t\n\t\t\t\t\t<li class=\"qtmplayer-trackitem\">\n\t\t<img src=\"https:\/\/rna.ao\/rna.ao\/wp-content\/uploads\/2021\/10\/Sao-Silvestre-100x100.jpg\" alt=\"cover\">\t\t<span \t\t\tdata-qtmplayer-cover=\"https:\/\/rna.ao\/rna.ao\/wp-content\/uploads\/2021\/10\/Sao-Silvestre.jpg\"\n\t\t\t\t\t\tdata-qtmplayer-file=\"https:\/\/rna.ao\/rna.ao\/wp-content\/uploads\/2021\/12\/6-AUGUSTO-ARISMENDES-07-12-21.mp3\"\n\t\t\t\t\t\tdata-qtmplayer-title=\"Atletismo: G\u00e2mbia diz &#8220;sim&#8221; \u00e0 S\u00e3o Silvestre de Luanda\"\n\t\t\t\t\t\tdata-qtmplayer-artist=\"RNA\"\n\t\t\t\t\t\tdata-qtmplayer-link=\"https:\/\/rna.ao\/rna.ao\/2021\/12\/08\/atletismo-gambia-diz-sim-a-sao-silvestre-de-luanda\/\"\n\t\t\t\t\t\tdata-qtmplayer-icon=\"file_download\"\n\t\t\t\t\t\tdata-qtmplayer-type=\"track\"\n\t\t\t class=\"qtmplayer-play qtmplayer-link-sec qtmplayer-play-btn\"><i class='material-icons'>play_arrow<\/i><\/span>\n\t\t<p>\n\t\t\t<span class=\"qtmplayer-tit\">Atletismo: G\u00e2mbia diz &#8220;sim&#8221; \u00e0 S\u00e3o Silvestre de Luanda<\/span>\n\t\t\t<span class=\"qtmplayer-art\">RNA<\/span>\n\t\t<\/p>\n\t<\/li>\n\t\t<\/ul>\n\t<\/div>\t\t\t\n\t\n<p>Fonte: R\u00e1dio 5\/RNA<\/p>\n","protected":false},"excerpt":{"rendered":"<p>A direc\u00e7\u00e3o da Federa\u00e7\u00e3o Angolana de Atletismo voltou a chamar ter\u00e7a-feira, 07\/12, a imprensa, para fazer o ponto de situa\u00e7\u00e3o da &#8220;S\u00e3o Silvestre&#8221;, prova que sai \u00e0s ruas de Luanda a 31 de Dezembro. O ano passado n\u00e3o houve, por causa da Covid-19, mas este ano est\u00e1 de volta, e ...<\/p>\n","protected":false},"author":8,"featured_media":41222,"comment_status":"closed","ping_status":"closed","sticky":false,"template":"","format":"standard","meta":[],"categories":[145,125,164],"tags":[],"_links":{"self":[{"href":"https:\/\/rna.ao\/rna.ao\/wp-json\/wp\/v2\/posts\/44949"}],"collection":[{"href":"https:\/\/rna.ao\/rna.ao\/wp-json\/wp\/v2\/posts"}],"about":[{"href":"https:\/\/rna.ao\/rna.ao\/wp-json\/wp\/v2\/types\/post"}],"author":[{"embeddable":true,"href":"https:\/\/rna.ao\/rna.ao\/wp-json\/wp\/v2\/users\/8"}],"replies":[{"embeddable":true,"href":"https:\/\/rna.ao\/rna.ao\/wp-json\/wp\/v2\/comments?post=44949"}],"version-history":[{"count":1,"href":"https:\/\/rna.ao\/rna.ao\/wp-json\/wp\/v2\/posts\/44949\/revisions"}],"predecessor-version":[{"id":44972,"href":"https:\/\/rna.ao\/rna.ao\/wp-json\/wp\/v2\/posts\/44949\/revisions\/44972"}],"wp:featuredmedia":[{"embeddable":true,"href":"https:\/\/rna.ao\/rna.ao\/wp-json\/wp\/v2\/media\/41222"}],"wp:attachment":[{"href":"https:\/\/rna.ao\/rna.ao\/wp-json\/wp\/v2\/media?parent=44949"}],"wp:term":[{"taxonomy":"category","embeddable":true,"href":"https:\/\/rna.ao\/rna.ao\/wp-json\/wp\/v2\/categories?post=44949"},{"taxonomy":"post_tag","embeddable":true,"href":"https:\/\/rna.ao\/rna.ao\/wp-json\/wp\/v2\/tags?post=44949"}],"curies":[{"name":"wp","href":"https:\/\/api.w.org\/{rel}","templated":true}]}}