{"id":44948,"date":"2021-12-08T05:52:59","date_gmt":"2021-12-08T04:52:59","guid":{"rendered":"https:\/\/rna.ao\/rna.ao\/?p=44948"},"modified":"2021-12-08T06:36:21","modified_gmt":"2021-12-08T05:36:21","slug":"hoquei-em-patins-academica-em-vantagem-na-final-do-campeonato-nacional","status":"publish","type":"post","link":"https:\/\/rna.ao\/rna.ao\/2021\/12\/08\/hoquei-em-patins-academica-em-vantagem-na-final-do-campeonato-nacional\/","title":{"rendered":"H\u00f3quei em patins: Acad\u00e9mica em vantagem na final do campeonato nacional"},"content":{"rendered":"<p><img loading=\"lazy\" class=\"size-full wp-image-20132 alignleft\" src=\"https:\/\/rna.ao\/rna.ao\/wp-content\/uploads\/2021\/04\/Hoquei-Patins-31-03.jpg\" alt=\"\" width=\"263\" height=\"166\" \/>A equipa de h\u00f3quei em patins da Acad\u00e9mica de Luanda est\u00e1 em vantagem na final dos Playoff a melhor de cinco jogos. Na ter\u00e7a-feira, 07\/12, para a segunda partida, &#8220;os estudantes&#8221; venceram por (09 &#8211; 08), o Clube desportivo 1\u00ba de Agosto, ap\u00f3s a marca\u00e7\u00e3o de pen\u00e1ltis, uma vez o resultado estar empate a seis golos, no final do per\u00edodo regulamentar. Alberto Domingos J\u00f3, treinador principal da Acad\u00e9mica de Luanda, reconheceu que foi um jogo muito suado. Clique no \u00e1udio e ou\u00e7a:<\/p>\n\t<div class=\"qtmplayer-playlist-large\">\n\t\t<ul class=\"qtmplayer-playlist\">\n\t\t\t\n\t\t\t\t\t<li class=\"qtmplayer-trackitem\">\n\t\t<img src=\"https:\/\/rna.ao\/rna.ao\/wp-content\/uploads\/2021\/04\/Hoquei-Patins-31-03-100x100.jpg\" alt=\"cover\">\t\t<span \t\t\tdata-qtmplayer-cover=\"https:\/\/rna.ao\/rna.ao\/wp-content\/uploads\/2021\/04\/Hoquei-Patins-31-03.jpg\"\n\t\t\t\t\t\tdata-qtmplayer-file=\"https:\/\/rna.ao\/rna.ao\/wp-content\/uploads\/2021\/12\/3-ALBERTO-DOMINGOS-JO-07-12-2021.mp3\"\n\t\t\t\t\t\tdata-qtmplayer-title=\"H\u00f3quei em patins: Acad\u00e9mica em vantagem na final do campeonato nacional\"\n\t\t\t\t\t\tdata-qtmplayer-artist=\"RNA\"\n\t\t\t\t\t\tdata-qtmplayer-link=\"https:\/\/rna.ao\/rna.ao\/2021\/12\/08\/hoquei-em-patins-academica-em-vantagem-na-final-do-campeonato-nacional\/\"\n\t\t\t\t\t\tdata-qtmplayer-icon=\"file_download\"\n\t\t\t\t\t\tdata-qtmplayer-type=\"track\"\n\t\t\t class=\"qtmplayer-play qtmplayer-link-sec qtmplayer-play-btn\"><i class='material-icons'>play_arrow<\/i><\/span>\n\t\t<p>\n\t\t\t<span class=\"qtmplayer-tit\">H\u00f3quei em patins: Acad\u00e9mica em vantagem na final do campeonato nacional<\/span>\n\t\t\t<span class=\"qtmplayer-art\">RNA<\/span>\n\t\t<\/p>\n\t<\/li>\n\t\t<\/ul>\n\t<\/div>\t\t\t\n\t\n<p>Do lado do Clube Desportivo 1\u00ba de Agosto, o treinador principal Ant\u00f3nio Victor Duque, gostou do desafio com &#8220;os estudantes&#8221;, apesar de ter sa\u00eddo derrotado por um golo, depois da marca\u00e7\u00e3o de pen\u00e1ltis. Clique no \u00e1udio e ou\u00e7a:<\/p>\n\t<div class=\"qtmplayer-playlist-large\">\n\t\t<ul class=\"qtmplayer-playlist\">\n\t\t\t\n\t\t\t\t\t<li class=\"qtmplayer-trackitem\">\n\t\t<img src=\"https:\/\/rna.ao\/rna.ao\/wp-content\/uploads\/2021\/04\/Hoquei-Patins-31-03-100x100.jpg\" alt=\"cover\">\t\t<span \t\t\tdata-qtmplayer-cover=\"https:\/\/rna.ao\/rna.ao\/wp-content\/uploads\/2021\/04\/Hoquei-Patins-31-03.jpg\"\n\t\t\t\t\t\tdata-qtmplayer-file=\"https:\/\/rna.ao\/rna.ao\/wp-content\/uploads\/2021\/12\/4-ANTONIO-VICTOR-DUK-07-12-2021.mp3\"\n\t\t\t\t\t\tdata-qtmplayer-title=\"H\u00f3quei em patins: Acad\u00e9mica em vantagem na final do campeonato nacional\"\n\t\t\t\t\t\tdata-qtmplayer-artist=\"RNA\"\n\t\t\t\t\t\tdata-qtmplayer-link=\"https:\/\/rna.ao\/rna.ao\/2021\/12\/08\/hoquei-em-patins-academica-em-vantagem-na-final-do-campeonato-nacional\/\"\n\t\t\t\t\t\tdata-qtmplayer-icon=\"file_download\"\n\t\t\t\t\t\tdata-qtmplayer-type=\"track\"\n\t\t\t class=\"qtmplayer-play qtmplayer-link-sec qtmplayer-play-btn\"><i class='material-icons'>play_arrow<\/i><\/span>\n\t\t<p>\n\t\t\t<span class=\"qtmplayer-tit\">H\u00f3quei em patins: Acad\u00e9mica em vantagem na final do campeonato nacional<\/span>\n\t\t\t<span class=\"qtmplayer-art\">RNA<\/span>\n\t\t<\/p>\n\t<\/li>\n\t\t<\/ul>\n\t<\/div>\t\t\t\n\t\n<p>O pr\u00f3ximo jogo entre as duas forma\u00e7\u00e3o ser\u00e1 neste s\u00e1bado, 11 de dezembro, no Dream Space, em Viana. A Acad\u00e9mica est\u00e1 em vantagem com duas vit\u00f3rias, e o Clube Desportivo 1\u00ba de Agosto tem apenas uma.<\/p>\n<p>Fonte: R\u00e1dio 5\/RNA<\/p>\n","protected":false},"excerpt":{"rendered":"<p>A equipa de h\u00f3quei em patins da Acad\u00e9mica de Luanda est\u00e1 em vantagem na final dos Playoff a melhor de cinco jogos. Na ter\u00e7a-feira, 07\/12, para a segunda partida, &#8220;os estudantes&#8221; venceram por (09 &#8211; 08), o Clube desportivo 1\u00ba de Agosto, ap\u00f3s a marca\u00e7\u00e3o de pen\u00e1ltis, uma vez o ...<\/p>\n","protected":false},"author":8,"featured_media":20132,"comment_status":"closed","ping_status":"closed","sticky":false,"template":"","format":"standard","meta":[],"categories":[145,125,164],"tags":[],"_links":{"self":[{"href":"https:\/\/rna.ao\/rna.ao\/wp-json\/wp\/v2\/posts\/44948"}],"collection":[{"href":"https:\/\/rna.ao\/rna.ao\/wp-json\/wp\/v2\/posts"}],"about":[{"href":"https:\/\/rna.ao\/rna.ao\/wp-json\/wp\/v2\/types\/post"}],"author":[{"embeddable":true,"href":"https:\/\/rna.ao\/rna.ao\/wp-json\/wp\/v2\/users\/8"}],"replies":[{"embeddable":true,"href":"https:\/\/rna.ao\/rna.ao\/wp-json\/wp\/v2\/comments?post=44948"}],"version-history":[{"count":3,"href":"https:\/\/rna.ao\/rna.ao\/wp-json\/wp\/v2\/posts\/44948\/revisions"}],"predecessor-version":[{"id":44970,"href":"https:\/\/rna.ao\/rna.ao\/wp-json\/wp\/v2\/posts\/44948\/revisions\/44970"}],"wp:featuredmedia":[{"embeddable":true,"href":"https:\/\/rna.ao\/rna.ao\/wp-json\/wp\/v2\/media\/20132"}],"wp:attachment":[{"href":"https:\/\/rna.ao\/rna.ao\/wp-json\/wp\/v2\/media?parent=44948"}],"wp:term":[{"taxonomy":"category","embeddable":true,"href":"https:\/\/rna.ao\/rna.ao\/wp-json\/wp\/v2\/categories?post=44948"},{"taxonomy":"post_tag","embeddable":true,"href":"https:\/\/rna.ao\/rna.ao\/wp-json\/wp\/v2\/tags?post=44948"}],"curies":[{"name":"wp","href":"https:\/\/api.w.org\/{rel}","templated":true}]}}