{"id":44929,"date":"2021-12-07T13:28:02","date_gmt":"2021-12-07T12:28:02","guid":{"rendered":"https:\/\/rna.ao\/rna.ao\/?p=44929"},"modified":"2021-12-07T13:28:02","modified_gmt":"2021-12-07T12:28:02","slug":"congressistas-da-diaspora-e-do-interior-do-pais-escalam-luanda-para-a-sua-participacao-ao-oitavo-congresso-do-mpla","status":"publish","type":"post","link":"https:\/\/rna.ao\/rna.ao\/2021\/12\/07\/congressistas-da-diaspora-e-do-interior-do-pais-escalam-luanda-para-a-sua-participacao-ao-oitavo-congresso-do-mpla\/","title":{"rendered":"Congressistas da di\u00e1spora e do interior do pa\u00eds escalam Luanda para a sua participa\u00e7\u00e3o ao oitavo congresso do MPLA"},"content":{"rendered":"<p><img loading=\"lazy\" class=\"size-full wp-image-44934 aligncenter\" src=\"https:\/\/rna.ao\/rna.ao\/wp-content\/uploads\/2021\/12\/unnamed-2.jpg\" alt=\"\" width=\"512\" height=\"341\" \/>O Oitavo Congresso Ordin\u00e1rio do MPLA, come\u00e7a nesta quinta-feira. Mais de dois mil delegados v\u00e3o participar no conclave. Os Congressistas no interior do pa\u00eds e da di\u00e1spora, j\u00e1 come\u00e7aram a chegar a capital. Clique, no \u00e1udio abaixo, e saiba mais com o Jornalista Ant\u00f3nio Pinto:<\/p>\n\t<div class=\"qtmplayer-playlist-large\">\n\t\t<ul class=\"qtmplayer-playlist\">\n\t\t\t\n\t\t\t\t\t<li class=\"qtmplayer-trackitem\">\n\t\t<img src=\"https:\/\/rna.ao\/rna.ao\/wp-content\/uploads\/2021\/12\/images-1-100x100.jpg\" alt=\"cover\">\t\t<span \t\t\tdata-qtmplayer-cover=\"https:\/\/rna.ao\/rna.ao\/wp-content\/uploads\/2021\/12\/images-1.jpg\"\n\t\t\t\t\t\tdata-qtmplayer-file=\"https:\/\/rna.ao\/rna.ao\/wp-content\/uploads\/2021\/12\/ANTONIO-PINTO-13-HRS.mp3\"\n\t\t\t\t\t\tdata-qtmplayer-title=\"Congressistas da di\u00e1spora e do interior do pa\u00eds escalam Luanda para a sua participa\u00e7\u00e3o ao oitavo congresso do MPLA\"\n\t\t\t\t\t\tdata-qtmplayer-artist=\"RNA\"\n\t\t\t\t\t\tdata-qtmplayer-link=\"https:\/\/rna.ao\/rna.ao\/2021\/12\/07\/congressistas-da-diaspora-e-do-interior-do-pais-escalam-luanda-para-a-sua-participacao-ao-oitavo-congresso-do-mpla\/\"\n\t\t\t\t\t\tdata-qtmplayer-icon=\"file_download\"\n\t\t\t\t\t\tdata-qtmplayer-type=\"track\"\n\t\t\t class=\"qtmplayer-play qtmplayer-link-sec qtmplayer-play-btn\"><i class='material-icons'>play_arrow<\/i><\/span>\n\t\t<p>\n\t\t\t<span class=\"qtmplayer-tit\">Congressistas da di\u00e1spora e do interior do pa\u00eds escalam Luanda para a sua participa\u00e7\u00e3o ao oitavo congresso do MPLA<\/span>\n\t\t\t<span class=\"qtmplayer-art\">RNA<\/span>\n\t\t<\/p>\n\t<\/li>\n\t\t<\/ul>\n\t<\/div>\t\t\t\n\t\n<p>Fonte: RNA<\/p>\n<p>&nbsp;<\/p>\n","protected":false},"excerpt":{"rendered":"<p>O Oitavo Congresso Ordin\u00e1rio do MPLA, come\u00e7a nesta quinta-feira. Mais de dois mil delegados v\u00e3o participar no conclave. Os Congressistas no interior do pa\u00eds e da di\u00e1spora, j\u00e1 come\u00e7aram a chegar a capital. Clique, no \u00e1udio abaixo, e saiba mais com o Jornalista Ant\u00f3nio Pinto: Fonte: RNA &nbsp;<\/p>\n","protected":false},"author":8,"featured_media":44933,"comment_status":"closed","ping_status":"closed","sticky":false,"template":"","format":"standard","meta":[],"categories":[142,121,163],"tags":[],"_links":{"self":[{"href":"https:\/\/rna.ao\/rna.ao\/wp-json\/wp\/v2\/posts\/44929"}],"collection":[{"href":"https:\/\/rna.ao\/rna.ao\/wp-json\/wp\/v2\/posts"}],"about":[{"href":"https:\/\/rna.ao\/rna.ao\/wp-json\/wp\/v2\/types\/post"}],"author":[{"embeddable":true,"href":"https:\/\/rna.ao\/rna.ao\/wp-json\/wp\/v2\/users\/8"}],"replies":[{"embeddable":true,"href":"https:\/\/rna.ao\/rna.ao\/wp-json\/wp\/v2\/comments?post=44929"}],"version-history":[{"count":1,"href":"https:\/\/rna.ao\/rna.ao\/wp-json\/wp\/v2\/posts\/44929\/revisions"}],"predecessor-version":[{"id":44935,"href":"https:\/\/rna.ao\/rna.ao\/wp-json\/wp\/v2\/posts\/44929\/revisions\/44935"}],"wp:featuredmedia":[{"embeddable":true,"href":"https:\/\/rna.ao\/rna.ao\/wp-json\/wp\/v2\/media\/44933"}],"wp:attachment":[{"href":"https:\/\/rna.ao\/rna.ao\/wp-json\/wp\/v2\/media?parent=44929"}],"wp:term":[{"taxonomy":"category","embeddable":true,"href":"https:\/\/rna.ao\/rna.ao\/wp-json\/wp\/v2\/categories?post=44929"},{"taxonomy":"post_tag","embeddable":true,"href":"https:\/\/rna.ao\/rna.ao\/wp-json\/wp\/v2\/tags?post=44929"}],"curies":[{"name":"wp","href":"https:\/\/api.w.org\/{rel}","templated":true}]}}