{"id":44924,"date":"2021-12-07T13:15:28","date_gmt":"2021-12-07T12:15:28","guid":{"rendered":"https:\/\/rna.ao\/rna.ao\/?p=44924"},"modified":"2021-12-07T13:15:28","modified_gmt":"2021-12-07T12:15:28","slug":"fazendeiros-namibianos-ocupam-ilegalmente-terras-de-cultivo-no-cunene","status":"publish","type":"post","link":"https:\/\/rna.ao\/rna.ao\/2021\/12\/07\/fazendeiros-namibianos-ocupam-ilegalmente-terras-de-cultivo-no-cunene\/","title":{"rendered":"Fazendeiros namibianos ocupam ilegalmente terras de cultivo no Cunene"},"content":{"rendered":"<p><img loading=\"lazy\" class=\"size-full wp-image-44926 alignleft\" src=\"https:\/\/rna.ao\/rna.ao\/wp-content\/uploads\/2021\/12\/download-5.jpg\" alt=\"\" width=\"300\" height=\"168\" \/>Muitos fazendeiros da Rep\u00fablica da Nam\u00edbia, est\u00e3o a ocupar ilegalmente terras no Munic\u00edpio de Namacunde para cultivo. Os fazendeiros namibianos est\u00e3o ainda a praticar a ca\u00e7a furtiva. A administra\u00e7\u00e3o de Namacunde, diz que a situa\u00e7\u00e3o \u00e9 preocupante e, responsabiliza alguns cidad\u00e3os nacionais de darem cobertura a esta pr\u00e1tica. Clique, no \u00e1udio abaixo, e saiba mais com o jornalista Ven\u00e2ncio Isa\u00edas:<\/p>\n\t<div class=\"qtmplayer-playlist-large\">\n\t\t<ul class=\"qtmplayer-playlist\">\n\t\t\t\n\t\t\t\t\t<li class=\"qtmplayer-trackitem\">\n\t\t<img src=\"https:\/\/rna.ao\/rna.ao\/wp-content\/uploads\/2021\/12\/FZ-100x100.jpg\" alt=\"cover\">\t\t<span \t\t\tdata-qtmplayer-cover=\"https:\/\/rna.ao\/rna.ao\/wp-content\/uploads\/2021\/12\/FZ.jpg\"\n\t\t\t\t\t\tdata-qtmplayer-file=\"https:\/\/rna.ao\/rna.ao\/wp-content\/uploads\/2021\/12\/CUNENE-OCUPACAO-ILEGAL-13-HRS.mp3\"\n\t\t\t\t\t\tdata-qtmplayer-title=\"Fazendeiros namibianos ocupam ilegalmente terras de cultivo no Cunene\"\n\t\t\t\t\t\tdata-qtmplayer-artist=\"RNA\"\n\t\t\t\t\t\tdata-qtmplayer-link=\"https:\/\/rna.ao\/rna.ao\/2021\/12\/07\/fazendeiros-namibianos-ocupam-ilegalmente-terras-de-cultivo-no-cunene\/\"\n\t\t\t\t\t\tdata-qtmplayer-icon=\"file_download\"\n\t\t\t\t\t\tdata-qtmplayer-type=\"track\"\n\t\t\t class=\"qtmplayer-play qtmplayer-link-sec qtmplayer-play-btn\"><i class='material-icons'>play_arrow<\/i><\/span>\n\t\t<p>\n\t\t\t<span class=\"qtmplayer-tit\">Fazendeiros namibianos ocupam ilegalmente terras de cultivo no Cunene<\/span>\n\t\t\t<span class=\"qtmplayer-art\">RNA<\/span>\n\t\t<\/p>\n\t<\/li>\n\t\t<\/ul>\n\t<\/div>\t\t\t\n\t\n","protected":false},"excerpt":{"rendered":"<p>Muitos fazendeiros da Rep\u00fablica da Nam\u00edbia, est\u00e3o a ocupar ilegalmente terras no Munic\u00edpio de Namacunde para cultivo. Os fazendeiros namibianos est\u00e3o ainda a praticar a ca\u00e7a furtiva. A administra\u00e7\u00e3o de Namacunde, diz que a situa\u00e7\u00e3o \u00e9 preocupante e, responsabiliza alguns cidad\u00e3os nacionais de darem cobertura a esta pr\u00e1tica. Clique, no ...<\/p>\n","protected":false},"author":8,"featured_media":44927,"comment_status":"closed","ping_status":"closed","sticky":false,"template":"","format":"standard","meta":[],"categories":[142,121,163],"tags":[],"_links":{"self":[{"href":"https:\/\/rna.ao\/rna.ao\/wp-json\/wp\/v2\/posts\/44924"}],"collection":[{"href":"https:\/\/rna.ao\/rna.ao\/wp-json\/wp\/v2\/posts"}],"about":[{"href":"https:\/\/rna.ao\/rna.ao\/wp-json\/wp\/v2\/types\/post"}],"author":[{"embeddable":true,"href":"https:\/\/rna.ao\/rna.ao\/wp-json\/wp\/v2\/users\/8"}],"replies":[{"embeddable":true,"href":"https:\/\/rna.ao\/rna.ao\/wp-json\/wp\/v2\/comments?post=44924"}],"version-history":[{"count":1,"href":"https:\/\/rna.ao\/rna.ao\/wp-json\/wp\/v2\/posts\/44924\/revisions"}],"predecessor-version":[{"id":44928,"href":"https:\/\/rna.ao\/rna.ao\/wp-json\/wp\/v2\/posts\/44924\/revisions\/44928"}],"wp:featuredmedia":[{"embeddable":true,"href":"https:\/\/rna.ao\/rna.ao\/wp-json\/wp\/v2\/media\/44927"}],"wp:attachment":[{"href":"https:\/\/rna.ao\/rna.ao\/wp-json\/wp\/v2\/media?parent=44924"}],"wp:term":[{"taxonomy":"category","embeddable":true,"href":"https:\/\/rna.ao\/rna.ao\/wp-json\/wp\/v2\/categories?post=44924"},{"taxonomy":"post_tag","embeddable":true,"href":"https:\/\/rna.ao\/rna.ao\/wp-json\/wp\/v2\/tags?post=44924"}],"curies":[{"name":"wp","href":"https:\/\/api.w.org\/{rel}","templated":true}]}}