{"id":44921,"date":"2021-12-07T13:05:59","date_gmt":"2021-12-07T12:05:59","guid":{"rendered":"https:\/\/rna.ao\/rna.ao\/?p=44921"},"modified":"2021-12-07T13:05:59","modified_gmt":"2021-12-07T12:05:59","slug":"pape-cria-mais-de-30-mil-empregos-em-dois-anos","status":"publish","type":"post","link":"https:\/\/rna.ao\/rna.ao\/2021\/12\/07\/pape-cria-mais-de-30-mil-empregos-em-dois-anos\/","title":{"rendered":"PAPE cria mais de 30 mil empregos em dois anos"},"content":{"rendered":"<p><img loading=\"lazy\" class=\"size-full wp-image-30674 alignleft\" src=\"https:\/\/rna.ao\/rna.ao\/wp-content\/uploads\/2021\/07\/Kits-do-PAPE.jpg\" alt=\"\" width=\"291\" height=\"219\" \/>O Plano de Ac\u00e7\u00e3o para a Promo\u00e7\u00e3o da Empregabilidade,&#8221; PAPE&#8221;, est\u00e1 com resultados satisfat\u00f3rios. O programa criado h\u00e1 dois anos, j\u00e1 gerou mais de trinta mil postos de trabalho. A pesar da situa\u00e7\u00e3o da covid-19 ter atrasado o processo, o governo diz que vai continuar a criar pol\u00edticas para a empregabilidade. Clique, no \u00e1udio abaixo, e saiba mais com a jornalista Joana Gaspar:<\/p>\n\t<div class=\"qtmplayer-playlist-large\">\n\t\t<ul class=\"qtmplayer-playlist\">\n\t\t\t\n\t\t\t\t\t<li class=\"qtmplayer-trackitem\">\n\t\t<img src=\"https:\/\/rna.ao\/rna.ao\/wp-content\/uploads\/2021\/07\/Kits-de-Emprego-PAPE-100x100.jpg\" alt=\"cover\">\t\t<span \t\t\tdata-qtmplayer-cover=\"https:\/\/rna.ao\/rna.ao\/wp-content\/uploads\/2021\/07\/Kits-de-Emprego-PAPE.jpg\"\n\t\t\t\t\t\tdata-qtmplayer-file=\"https:\/\/rna.ao\/rna.ao\/wp-content\/uploads\/2021\/12\/JOANA-GASPAR-PAPE-13-HRS.mp3\"\n\t\t\t\t\t\tdata-qtmplayer-title=\"PAPE cria mais de 30 mil empregos em dois anos\"\n\t\t\t\t\t\tdata-qtmplayer-artist=\"RNA\"\n\t\t\t\t\t\tdata-qtmplayer-link=\"https:\/\/rna.ao\/rna.ao\/2021\/12\/07\/pape-cria-mais-de-30-mil-empregos-em-dois-anos\/\"\n\t\t\t\t\t\tdata-qtmplayer-icon=\"file_download\"\n\t\t\t\t\t\tdata-qtmplayer-type=\"track\"\n\t\t\t class=\"qtmplayer-play qtmplayer-link-sec qtmplayer-play-btn\"><i class='material-icons'>play_arrow<\/i><\/span>\n\t\t<p>\n\t\t\t<span class=\"qtmplayer-tit\">PAPE cria mais de 30 mil empregos em dois anos<\/span>\n\t\t\t<span class=\"qtmplayer-art\">RNA<\/span>\n\t\t<\/p>\n\t<\/li>\n\t\t<\/ul>\n\t<\/div>\t\t\t\n\t\n","protected":false},"excerpt":{"rendered":"<p>O Plano de Ac\u00e7\u00e3o para a Promo\u00e7\u00e3o da Empregabilidade,&#8221; PAPE&#8221;, est\u00e1 com resultados satisfat\u00f3rios. O programa criado h\u00e1 dois anos, j\u00e1 gerou mais de trinta mil postos de trabalho. A pesar da situa\u00e7\u00e3o da covid-19 ter atrasado o processo, o governo diz que vai continuar a criar pol\u00edticas para a ...<\/p>\n","protected":false},"author":8,"featured_media":31493,"comment_status":"closed","ping_status":"closed","sticky":false,"template":"","format":"standard","meta":[],"categories":[142,121,163],"tags":[],"_links":{"self":[{"href":"https:\/\/rna.ao\/rna.ao\/wp-json\/wp\/v2\/posts\/44921"}],"collection":[{"href":"https:\/\/rna.ao\/rna.ao\/wp-json\/wp\/v2\/posts"}],"about":[{"href":"https:\/\/rna.ao\/rna.ao\/wp-json\/wp\/v2\/types\/post"}],"author":[{"embeddable":true,"href":"https:\/\/rna.ao\/rna.ao\/wp-json\/wp\/v2\/users\/8"}],"replies":[{"embeddable":true,"href":"https:\/\/rna.ao\/rna.ao\/wp-json\/wp\/v2\/comments?post=44921"}],"version-history":[{"count":1,"href":"https:\/\/rna.ao\/rna.ao\/wp-json\/wp\/v2\/posts\/44921\/revisions"}],"predecessor-version":[{"id":44923,"href":"https:\/\/rna.ao\/rna.ao\/wp-json\/wp\/v2\/posts\/44921\/revisions\/44923"}],"wp:featuredmedia":[{"embeddable":true,"href":"https:\/\/rna.ao\/rna.ao\/wp-json\/wp\/v2\/media\/31493"}],"wp:attachment":[{"href":"https:\/\/rna.ao\/rna.ao\/wp-json\/wp\/v2\/media?parent=44921"}],"wp:term":[{"taxonomy":"category","embeddable":true,"href":"https:\/\/rna.ao\/rna.ao\/wp-json\/wp\/v2\/categories?post=44921"},{"taxonomy":"post_tag","embeddable":true,"href":"https:\/\/rna.ao\/rna.ao\/wp-json\/wp\/v2\/tags?post=44921"}],"curies":[{"name":"wp","href":"https:\/\/api.w.org\/{rel}","templated":true}]}}