{"id":44843,"date":"2021-12-07T08:14:50","date_gmt":"2021-12-07T07:14:50","guid":{"rendered":"https:\/\/rna.ao\/rna.ao\/?p=44843"},"modified":"2021-12-07T08:14:50","modified_gmt":"2021-12-07T07:14:50","slug":"reforcada-formacao-de-quadros-no-sector-da-saude-no-uige","status":"publish","type":"post","link":"https:\/\/rna.ao\/rna.ao\/2021\/12\/07\/reforcada-formacao-de-quadros-no-sector-da-saude-no-uige\/","title":{"rendered":"Refor\u00e7ada forma\u00e7\u00e3o de quadros no sector da sa\u00fade no U\u00edge"},"content":{"rendered":"<p><img loading=\"lazy\" class=\"size-medium wp-image-44845 aligncenter\" src=\"https:\/\/rna.ao\/rna.ao\/wp-content\/uploads\/2021\/12\/17fe1ec3d5afe624e6bf9f026a71169e_1033231772606add06a80cc-770x331.jpg\" alt=\"\" width=\"770\" height=\"331\" srcset=\"https:\/\/rna.ao\/rna.ao\/wp-content\/uploads\/2021\/12\/17fe1ec3d5afe624e6bf9f026a71169e_1033231772606add06a80cc-770x331.jpg 770w, https:\/\/rna.ao\/rna.ao\/wp-content\/uploads\/2021\/12\/17fe1ec3d5afe624e6bf9f026a71169e_1033231772606add06a80cc-1170x503.jpg 1170w, https:\/\/rna.ao\/rna.ao\/wp-content\/uploads\/2021\/12\/17fe1ec3d5afe624e6bf9f026a71169e_1033231772606add06a80cc-768x330.jpg 768w, https:\/\/rna.ao\/rna.ao\/wp-content\/uploads\/2021\/12\/17fe1ec3d5afe624e6bf9f026a71169e_1033231772606add06a80cc.jpg 1200w\" sizes=\"(max-width: 770px) 100vw, 770px\" \/>A Prov\u00edncia do U\u00edge, aposta na forma\u00e7\u00e3o de quadros para as distintas \u00e1reas do sector da sa\u00fade. Os cursos ser\u00e3o ministrados na Escola de Forma\u00e7\u00e3o de T\u00e9cnicos de Sa\u00fade, da prov\u00edncia com o conv\u00e9nio de especialistas competentes. Clique, no \u00e1udio abaixo, e saiba mais na reportagem do Amarildo de Jesus:<\/p>\n\t<div class=\"qtmplayer-playlist-large\">\n\t\t<ul class=\"qtmplayer-playlist\">\n\t\t\t\n\t\t\t\t\t<li class=\"qtmplayer-trackitem\">\n\t\t<img src=\"https:\/\/rna.ao\/rna.ao\/wp-content\/uploads\/2021\/12\/unnamed-100x100.jpg\" alt=\"cover\">\t\t<span \t\t\tdata-qtmplayer-cover=\"https:\/\/rna.ao\/rna.ao\/wp-content\/uploads\/2021\/12\/unnamed.jpg\"\n\t\t\t\t\t\tdata-qtmplayer-file=\"https:\/\/rna.ao\/rna.ao\/wp-content\/uploads\/2021\/12\/UIJE-ESCOLA-DE-SAUDE-7HRS.mp3\"\n\t\t\t\t\t\tdata-qtmplayer-title=\"Refor\u00e7ada forma\u00e7\u00e3o de quadros no sector da sa\u00fade no U\u00edge\"\n\t\t\t\t\t\tdata-qtmplayer-artist=\"RNA\"\n\t\t\t\t\t\tdata-qtmplayer-link=\"https:\/\/rna.ao\/rna.ao\/2021\/12\/07\/reforcada-formacao-de-quadros-no-sector-da-saude-no-uige\/\"\n\t\t\t\t\t\tdata-qtmplayer-icon=\"file_download\"\n\t\t\t\t\t\tdata-qtmplayer-type=\"track\"\n\t\t\t class=\"qtmplayer-play qtmplayer-link-sec qtmplayer-play-btn\"><i class='material-icons'>play_arrow<\/i><\/span>\n\t\t<p>\n\t\t\t<span class=\"qtmplayer-tit\">Refor\u00e7ada forma\u00e7\u00e3o de quadros no sector da sa\u00fade no U\u00edge<\/span>\n\t\t\t<span class=\"qtmplayer-art\">RNA<\/span>\n\t\t<\/p>\n\t<\/li>\n\t\t<\/ul>\n\t<\/div>\t\t\t\n\t\n<p>Fonte: RNA<\/p>\n","protected":false},"excerpt":{"rendered":"<p>A Prov\u00edncia do U\u00edge, aposta na forma\u00e7\u00e3o de quadros para as distintas \u00e1reas do sector da sa\u00fade. Os cursos ser\u00e3o ministrados na Escola de Forma\u00e7\u00e3o de T\u00e9cnicos de Sa\u00fade, da prov\u00edncia com o conv\u00e9nio de especialistas competentes. Clique, no \u00e1udio abaixo, e saiba mais na reportagem do Amarildo de Jesus: ...<\/p>\n","protected":false},"author":8,"featured_media":44846,"comment_status":"closed","ping_status":"closed","sticky":false,"template":"","format":"standard","meta":[],"categories":[142,121,163],"tags":[],"_links":{"self":[{"href":"https:\/\/rna.ao\/rna.ao\/wp-json\/wp\/v2\/posts\/44843"}],"collection":[{"href":"https:\/\/rna.ao\/rna.ao\/wp-json\/wp\/v2\/posts"}],"about":[{"href":"https:\/\/rna.ao\/rna.ao\/wp-json\/wp\/v2\/types\/post"}],"author":[{"embeddable":true,"href":"https:\/\/rna.ao\/rna.ao\/wp-json\/wp\/v2\/users\/8"}],"replies":[{"embeddable":true,"href":"https:\/\/rna.ao\/rna.ao\/wp-json\/wp\/v2\/comments?post=44843"}],"version-history":[{"count":1,"href":"https:\/\/rna.ao\/rna.ao\/wp-json\/wp\/v2\/posts\/44843\/revisions"}],"predecessor-version":[{"id":44847,"href":"https:\/\/rna.ao\/rna.ao\/wp-json\/wp\/v2\/posts\/44843\/revisions\/44847"}],"wp:featuredmedia":[{"embeddable":true,"href":"https:\/\/rna.ao\/rna.ao\/wp-json\/wp\/v2\/media\/44846"}],"wp:attachment":[{"href":"https:\/\/rna.ao\/rna.ao\/wp-json\/wp\/v2\/media?parent=44843"}],"wp:term":[{"taxonomy":"category","embeddable":true,"href":"https:\/\/rna.ao\/rna.ao\/wp-json\/wp\/v2\/categories?post=44843"},{"taxonomy":"post_tag","embeddable":true,"href":"https:\/\/rna.ao\/rna.ao\/wp-json\/wp\/v2\/tags?post=44843"}],"curies":[{"name":"wp","href":"https:\/\/api.w.org\/{rel}","templated":true}]}}