{"id":44635,"date":"2021-12-03T05:49:06","date_gmt":"2021-12-03T04:49:06","guid":{"rendered":"https:\/\/rna.ao\/rna.ao\/?p=44635"},"modified":"2021-12-02T23:07:45","modified_gmt":"2021-12-02T22:07:45","slug":"dois-zero-nao-e-um-resultado-impossivel-beto-bianchi","status":"publish","type":"post","link":"https:\/\/rna.ao\/rna.ao\/2021\/12\/03\/dois-zero-nao-e-um-resultado-impossivel-beto-bianchi\/","title":{"rendered":"&#8220;Dois zero n\u00e3o \u00e9 um resultado imposs\u00edvel&#8221;, Beto Bianchi"},"content":{"rendered":"<p><img loading=\"lazy\" class=\"size-full wp-image-35892 alignleft\" src=\"https:\/\/rna.ao\/rna.ao\/wp-content\/uploads\/2021\/08\/Beto-Bianchi.jpg\" alt=\"\" width=\"300\" height=\"232\" \/>A equipa de futebol s\u00e9nior masculina do Grupo Desportivo Interclube projecta o duelo decisivo dos Playoff, de acesso \u00e0 Ta\u00e7a CAF, diante do ASEC MIMOSAS da Cote D\u2019Ivoire, ap\u00f3s derrota, em Abidjan, por 2 &#8211; 0. A equipa da pol\u00edcia est\u00e1 motivada, para contornar o advers\u00e1rio\u00a0 no desafio da segunda m\u00e3o agendado para este domingo, 05\/12, no est\u00e1dio 22 de Junho, em Luanda. Clique, no \u00e1udio abaixo, e saiba mais na reportagem do Aldo Vida Mateus pascoal:<\/p>\n\t<div class=\"qtmplayer-playlist-large\">\n\t\t<ul class=\"qtmplayer-playlist\">\n\t\t\t\n\t\t\t\t\t<li class=\"qtmplayer-trackitem\">\n\t\t<img src=\"https:\/\/rna.ao\/rna.ao\/wp-content\/uploads\/2021\/08\/Beto-Bianchi-100x100.jpg\" alt=\"cover\">\t\t<span \t\t\tdata-qtmplayer-cover=\"https:\/\/rna.ao\/rna.ao\/wp-content\/uploads\/2021\/08\/Beto-Bianchi.jpg\"\n\t\t\t\t\t\tdata-qtmplayer-file=\"https:\/\/rna.ao\/rna.ao\/wp-content\/uploads\/2021\/12\/ALDO.mp3\"\n\t\t\t\t\t\tdata-qtmplayer-title=\"&#8220;Dois zero n\u00e3o \u00e9 um resultado imposs\u00edvel&#8221;, Beto Bianchi\"\n\t\t\t\t\t\tdata-qtmplayer-artist=\"RNA\"\n\t\t\t\t\t\tdata-qtmplayer-link=\"https:\/\/rna.ao\/rna.ao\/2021\/12\/03\/dois-zero-nao-e-um-resultado-impossivel-beto-bianchi\/\"\n\t\t\t\t\t\tdata-qtmplayer-icon=\"file_download\"\n\t\t\t\t\t\tdata-qtmplayer-type=\"track\"\n\t\t\t class=\"qtmplayer-play qtmplayer-link-sec qtmplayer-play-btn\"><i class='material-icons'>play_arrow<\/i><\/span>\n\t\t<p>\n\t\t\t<span class=\"qtmplayer-tit\">&#8220;Dois zero n\u00e3o \u00e9 um resultado imposs\u00edvel&#8221;, Beto Bianchi<\/span>\n\t\t\t<span class=\"qtmplayer-art\">RNA<\/span>\n\t\t<\/p>\n\t<\/li>\n\t\t<\/ul>\n\t<\/div>\t\t\t\n\t\n<p>Fonte: R\u00e1dio 5\/RNA<\/p>\n","protected":false},"excerpt":{"rendered":"<p>A equipa de futebol s\u00e9nior masculina do Grupo Desportivo Interclube projecta o duelo decisivo dos Playoff, de acesso \u00e0 Ta\u00e7a CAF, diante do ASEC MIMOSAS da Cote D\u2019Ivoire, ap\u00f3s derrota, em Abidjan, por 2 &#8211; 0. A equipa da pol\u00edcia est\u00e1 motivada, para contornar o advers\u00e1rio\u00a0 no desafio da segunda ...<\/p>\n","protected":false},"author":8,"featured_media":35892,"comment_status":"closed","ping_status":"closed","sticky":false,"template":"","format":"standard","meta":[],"categories":[145,125,164],"tags":[],"_links":{"self":[{"href":"https:\/\/rna.ao\/rna.ao\/wp-json\/wp\/v2\/posts\/44635"}],"collection":[{"href":"https:\/\/rna.ao\/rna.ao\/wp-json\/wp\/v2\/posts"}],"about":[{"href":"https:\/\/rna.ao\/rna.ao\/wp-json\/wp\/v2\/types\/post"}],"author":[{"embeddable":true,"href":"https:\/\/rna.ao\/rna.ao\/wp-json\/wp\/v2\/users\/8"}],"replies":[{"embeddable":true,"href":"https:\/\/rna.ao\/rna.ao\/wp-json\/wp\/v2\/comments?post=44635"}],"version-history":[{"count":2,"href":"https:\/\/rna.ao\/rna.ao\/wp-json\/wp\/v2\/posts\/44635\/revisions"}],"predecessor-version":[{"id":44638,"href":"https:\/\/rna.ao\/rna.ao\/wp-json\/wp\/v2\/posts\/44635\/revisions\/44638"}],"wp:featuredmedia":[{"embeddable":true,"href":"https:\/\/rna.ao\/rna.ao\/wp-json\/wp\/v2\/media\/35892"}],"wp:attachment":[{"href":"https:\/\/rna.ao\/rna.ao\/wp-json\/wp\/v2\/media?parent=44635"}],"wp:term":[{"taxonomy":"category","embeddable":true,"href":"https:\/\/rna.ao\/rna.ao\/wp-json\/wp\/v2\/categories?post=44635"},{"taxonomy":"post_tag","embeddable":true,"href":"https:\/\/rna.ao\/rna.ao\/wp-json\/wp\/v2\/tags?post=44635"}],"curies":[{"name":"wp","href":"https:\/\/api.w.org\/{rel}","templated":true}]}}