{"id":44627,"date":"2021-12-03T05:50:58","date_gmt":"2021-12-03T04:50:58","guid":{"rendered":"https:\/\/rna.ao\/rna.ao\/?p=44627"},"modified":"2021-12-03T06:06:04","modified_gmt":"2021-12-03T05:06:04","slug":"a-franca-e-uma-equipa-forte-e-campea-olimpica-mas-nao-e-imbativel-jose-do-amaral-maninho","status":"publish","type":"post","link":"https:\/\/rna.ao\/rna.ao\/2021\/12\/03\/a-franca-e-uma-equipa-forte-e-campea-olimpica-mas-nao-e-imbativel-jose-do-amaral-maninho\/","title":{"rendered":"&#8220;A Fran\u00e7a \u00e9 uma equipa forte. \u00c9 campe\u00e3 ol\u00edmpica, mas n\u00e3o \u00e9 imbat\u00edvel&#8221;, Jos\u00e9 do Amaral Maninho"},"content":{"rendered":"<p><img loading=\"lazy\" class=\"size-full wp-image-12010 alignleft\" src=\"https:\/\/rna.ao\/rna.ao\/wp-content\/uploads\/2020\/11\/Jose-do-Amaral-Maninho-2.jpg\" alt=\"\" width=\"272\" height=\"182\" \/>O Presidente da Federa\u00e7\u00e3o Angolana de Andebol, Jos\u00e9 do Amaral &#8220;Maninho&#8221;, est\u00e1 otimista numa boa presta\u00e7\u00e3o do combinado nacional. Jos\u00e9 do Amaral &#8220;Maninho&#8221; teceu tais pronunciamentos, \u00e0 R\u00e1dio 5, quando fazia uma antevis\u00e3o do jogo de estreia desta sexta-feira, 03\/12, de Angola frente a sele\u00e7\u00e3o francesa, no mundial que o Reino de Espanha acolhe. Clique no \u00e1udio e ou\u00e7a:<\/p>\n\t<div class=\"qtmplayer-playlist-large\">\n\t\t<ul class=\"qtmplayer-playlist\">\n\t\t\t\n\t\t\t\t\t<li class=\"qtmplayer-trackitem\">\n\t\t<img src=\"https:\/\/rna.ao\/rna.ao\/wp-content\/uploads\/2020\/11\/Jose-do-Amaral-Maninho-2-100x100.jpg\" alt=\"cover\">\t\t<span \t\t\tdata-qtmplayer-cover=\"https:\/\/rna.ao\/rna.ao\/wp-content\/uploads\/2020\/11\/Jose-do-Amaral-Maninho-2.jpg\"\n\t\t\t\t\t\tdata-qtmplayer-file=\"https:\/\/rna.ao\/rna.ao\/wp-content\/uploads\/2021\/12\/MANINHO.mp3\"\n\t\t\t\t\t\tdata-qtmplayer-title=\"&#8220;A Fran\u00e7a \u00e9 uma equipa forte. \u00c9 campe\u00e3 ol\u00edmpica, mas n\u00e3o \u00e9 imbat\u00edvel&#8221;, Jos\u00e9 do Amaral Maninho\"\n\t\t\t\t\t\tdata-qtmplayer-artist=\"RNA\"\n\t\t\t\t\t\tdata-qtmplayer-link=\"https:\/\/rna.ao\/rna.ao\/2021\/12\/03\/a-franca-e-uma-equipa-forte-e-campea-olimpica-mas-nao-e-imbativel-jose-do-amaral-maninho\/\"\n\t\t\t\t\t\tdata-qtmplayer-icon=\"file_download\"\n\t\t\t\t\t\tdata-qtmplayer-type=\"track\"\n\t\t\t class=\"qtmplayer-play qtmplayer-link-sec qtmplayer-play-btn\"><i class='material-icons'>play_arrow<\/i><\/span>\n\t\t<p>\n\t\t\t<span class=\"qtmplayer-tit\">&#8220;A Fran\u00e7a \u00e9 uma equipa forte. \u00c9 campe\u00e3 ol\u00edmpica, mas n\u00e3o \u00e9 imbat\u00edvel&#8221;, Jos\u00e9 do Amaral Maninho<\/span>\n\t\t\t<span class=\"qtmplayer-art\">RNA<\/span>\n\t\t<\/p>\n\t<\/li>\n\t\t<\/ul>\n\t<\/div>\t\t\t\n\t\n<p>Fonte: R\u00e1dio 5\/RNA<\/p>\n","protected":false},"excerpt":{"rendered":"<p>O Presidente da Federa\u00e7\u00e3o Angolana de Andebol, Jos\u00e9 do Amaral &#8220;Maninho&#8221;, est\u00e1 otimista numa boa presta\u00e7\u00e3o do combinado nacional. Jos\u00e9 do Amaral &#8220;Maninho&#8221; teceu tais pronunciamentos, \u00e0 R\u00e1dio 5, quando fazia uma antevis\u00e3o do jogo de estreia desta sexta-feira, 03\/12, de Angola frente a sele\u00e7\u00e3o francesa, no mundial que o ...<\/p>\n","protected":false},"author":8,"featured_media":12010,"comment_status":"closed","ping_status":"closed","sticky":false,"template":"","format":"standard","meta":[],"categories":[145,125,164],"tags":[],"_links":{"self":[{"href":"https:\/\/rna.ao\/rna.ao\/wp-json\/wp\/v2\/posts\/44627"}],"collection":[{"href":"https:\/\/rna.ao\/rna.ao\/wp-json\/wp\/v2\/posts"}],"about":[{"href":"https:\/\/rna.ao\/rna.ao\/wp-json\/wp\/v2\/types\/post"}],"author":[{"embeddable":true,"href":"https:\/\/rna.ao\/rna.ao\/wp-json\/wp\/v2\/users\/8"}],"replies":[{"embeddable":true,"href":"https:\/\/rna.ao\/rna.ao\/wp-json\/wp\/v2\/comments?post=44627"}],"version-history":[{"count":2,"href":"https:\/\/rna.ao\/rna.ao\/wp-json\/wp\/v2\/posts\/44627\/revisions"}],"predecessor-version":[{"id":44640,"href":"https:\/\/rna.ao\/rna.ao\/wp-json\/wp\/v2\/posts\/44627\/revisions\/44640"}],"wp:featuredmedia":[{"embeddable":true,"href":"https:\/\/rna.ao\/rna.ao\/wp-json\/wp\/v2\/media\/12010"}],"wp:attachment":[{"href":"https:\/\/rna.ao\/rna.ao\/wp-json\/wp\/v2\/media?parent=44627"}],"wp:term":[{"taxonomy":"category","embeddable":true,"href":"https:\/\/rna.ao\/rna.ao\/wp-json\/wp\/v2\/categories?post=44627"},{"taxonomy":"post_tag","embeddable":true,"href":"https:\/\/rna.ao\/rna.ao\/wp-json\/wp\/v2\/tags?post=44627"}],"curies":[{"name":"wp","href":"https:\/\/api.w.org\/{rel}","templated":true}]}}