{"id":44621,"date":"2021-12-03T05:51:36","date_gmt":"2021-12-03T04:51:36","guid":{"rendered":"https:\/\/rna.ao\/rna.ao\/?p=44621"},"modified":"2021-12-03T06:13:05","modified_gmt":"2021-12-03T05:13:05","slug":"faf-reitera-confianca-no-tecnico-pedro-goncalves","status":"publish","type":"post","link":"https:\/\/rna.ao\/rna.ao\/2021\/12\/03\/faf-reitera-confianca-no-tecnico-pedro-goncalves\/","title":{"rendered":"FAF reitera confian\u00e7a no t\u00e9cnico Pedro Gon\u00e7alves"},"content":{"rendered":"<p><img loading=\"lazy\" class=\"size-full wp-image-39035 alignleft\" src=\"https:\/\/rna.ao\/rna.ao\/wp-content\/uploads\/2021\/10\/Artur-almeida-e-silva.jpg\" alt=\"\" width=\"301\" height=\"231\" \/>A Federa\u00e7\u00e3o Angolana de Futebol (FAF) renovou o contrato com o t\u00e9cnico Pedro Gon\u00e7alves, da sele\u00e7\u00e3o angolana de futebol de honra. O anuncio aconteceu quinta-feira, 02\/12, durante uma confer\u00eancia de imprensa promovida pela FAF, liderada por Artur Almeida e Silva (na foto), que falou das motiva\u00e7\u00e3o quanto a renova\u00e7\u00e3o do v\u00ednculo contratual do t\u00e9cnico portugu\u00eas Pedro Gon\u00e7alves. Clique no \u00e1udio e ou\u00e7a:<\/p>\n\t<div class=\"qtmplayer-playlist-large\">\n\t\t<ul class=\"qtmplayer-playlist\">\n\t\t\t\n\t\t\t\t\t<li class=\"qtmplayer-trackitem\">\n\t\t<img src=\"https:\/\/rna.ao\/rna.ao\/wp-content\/uploads\/2021\/10\/Pedro-Goncalves-100x100.jpg\" alt=\"cover\">\t\t<span \t\t\tdata-qtmplayer-cover=\"https:\/\/rna.ao\/rna.ao\/wp-content\/uploads\/2021\/10\/Pedro-Goncalves.jpg\"\n\t\t\t\t\t\tdata-qtmplayer-file=\"https:\/\/rna.ao\/rna.ao\/wp-content\/uploads\/2021\/12\/SILVA.mp3\"\n\t\t\t\t\t\tdata-qtmplayer-title=\"FAF reitera confian\u00e7a no t\u00e9cnico Pedro Gon\u00e7alves\"\n\t\t\t\t\t\tdata-qtmplayer-artist=\"RNA\"\n\t\t\t\t\t\tdata-qtmplayer-link=\"https:\/\/rna.ao\/rna.ao\/2021\/12\/03\/faf-reitera-confianca-no-tecnico-pedro-goncalves\/\"\n\t\t\t\t\t\tdata-qtmplayer-icon=\"file_download\"\n\t\t\t\t\t\tdata-qtmplayer-type=\"track\"\n\t\t\t class=\"qtmplayer-play qtmplayer-link-sec qtmplayer-play-btn\"><i class='material-icons'>play_arrow<\/i><\/span>\n\t\t<p>\n\t\t\t<span class=\"qtmplayer-tit\">FAF reitera confian\u00e7a no t\u00e9cnico Pedro Gon\u00e7alves<\/span>\n\t\t\t<span class=\"qtmplayer-art\">RNA<\/span>\n\t\t<\/p>\n\t<\/li>\n\t\t<\/ul>\n\t<\/div>\t\t\t\n\t\n<p>Por sua vez, o t\u00e9cnico da sele\u00e7\u00e3o angolana de futebol s\u00e9nior masculina, Pedro Gon\u00e7alves, falou deste novo v\u00ednculo e do comprometimento com os &#8220;Palancas Negras&#8221; e a Federa\u00e7\u00e3o Angolana de Futebol. Clique no \u00e1udio e ou\u00e7a:<\/p>\n\t<div class=\"qtmplayer-playlist-large\">\n\t\t<ul class=\"qtmplayer-playlist\">\n\t\t\t\n\t\t\t\t\t<li class=\"qtmplayer-trackitem\">\n\t\t<img src=\"https:\/\/rna.ao\/rna.ao\/wp-content\/uploads\/2021\/10\/Pedro-Goncalves-100x100.jpg\" alt=\"cover\">\t\t<span \t\t\tdata-qtmplayer-cover=\"https:\/\/rna.ao\/rna.ao\/wp-content\/uploads\/2021\/10\/Pedro-Goncalves.jpg\"\n\t\t\t\t\t\tdata-qtmplayer-file=\"https:\/\/rna.ao\/rna.ao\/wp-content\/uploads\/2021\/12\/PEDRO.mp3\"\n\t\t\t\t\t\tdata-qtmplayer-title=\"FAF reitera confian\u00e7a no t\u00e9cnico Pedro Gon\u00e7alves\"\n\t\t\t\t\t\tdata-qtmplayer-artist=\"RNA\"\n\t\t\t\t\t\tdata-qtmplayer-link=\"https:\/\/rna.ao\/rna.ao\/2021\/12\/03\/faf-reitera-confianca-no-tecnico-pedro-goncalves\/\"\n\t\t\t\t\t\tdata-qtmplayer-icon=\"file_download\"\n\t\t\t\t\t\tdata-qtmplayer-type=\"track\"\n\t\t\t class=\"qtmplayer-play qtmplayer-link-sec qtmplayer-play-btn\"><i class='material-icons'>play_arrow<\/i><\/span>\n\t\t<p>\n\t\t\t<span class=\"qtmplayer-tit\">FAF reitera confian\u00e7a no t\u00e9cnico Pedro Gon\u00e7alves<\/span>\n\t\t\t<span class=\"qtmplayer-art\">RNA<\/span>\n\t\t<\/p>\n\t<\/li>\n\t\t<\/ul>\n\t<\/div>\t\t\t\n\t\n<p>Fonte: R\u00e1dio 5\/RNA<\/p>\n","protected":false},"excerpt":{"rendered":"<p>A Federa\u00e7\u00e3o Angolana de Futebol (FAF) renovou o contrato com o t\u00e9cnico Pedro Gon\u00e7alves, da sele\u00e7\u00e3o angolana de futebol de honra. O anuncio aconteceu quinta-feira, 02\/12, durante uma confer\u00eancia de imprensa promovida pela FAF, liderada por Artur Almeida e Silva (na foto), que falou das motiva\u00e7\u00e3o quanto a renova\u00e7\u00e3o do ...<\/p>\n","protected":false},"author":8,"featured_media":39503,"comment_status":"closed","ping_status":"closed","sticky":false,"template":"","format":"standard","meta":[],"categories":[145,125,164],"tags":[],"_links":{"self":[{"href":"https:\/\/rna.ao\/rna.ao\/wp-json\/wp\/v2\/posts\/44621"}],"collection":[{"href":"https:\/\/rna.ao\/rna.ao\/wp-json\/wp\/v2\/posts"}],"about":[{"href":"https:\/\/rna.ao\/rna.ao\/wp-json\/wp\/v2\/types\/post"}],"author":[{"embeddable":true,"href":"https:\/\/rna.ao\/rna.ao\/wp-json\/wp\/v2\/users\/8"}],"replies":[{"embeddable":true,"href":"https:\/\/rna.ao\/rna.ao\/wp-json\/wp\/v2\/comments?post=44621"}],"version-history":[{"count":5,"href":"https:\/\/rna.ao\/rna.ao\/wp-json\/wp\/v2\/posts\/44621\/revisions"}],"predecessor-version":[{"id":44643,"href":"https:\/\/rna.ao\/rna.ao\/wp-json\/wp\/v2\/posts\/44621\/revisions\/44643"}],"wp:featuredmedia":[{"embeddable":true,"href":"https:\/\/rna.ao\/rna.ao\/wp-json\/wp\/v2\/media\/39503"}],"wp:attachment":[{"href":"https:\/\/rna.ao\/rna.ao\/wp-json\/wp\/v2\/media?parent=44621"}],"wp:term":[{"taxonomy":"category","embeddable":true,"href":"https:\/\/rna.ao\/rna.ao\/wp-json\/wp\/v2\/categories?post=44621"},{"taxonomy":"post_tag","embeddable":true,"href":"https:\/\/rna.ao\/rna.ao\/wp-json\/wp\/v2\/tags?post=44621"}],"curies":[{"name":"wp","href":"https:\/\/api.w.org\/{rel}","templated":true}]}}