{"id":44601,"date":"2021-12-03T05:56:00","date_gmt":"2021-12-03T04:56:00","guid":{"rendered":"https:\/\/rna.ao\/rna.ao\/?p=44601"},"modified":"2021-12-03T06:22:26","modified_gmt":"2021-12-03T05:22:26","slug":"delegacao-da-igreja-alianca-africana-vai-as-exequias-do-bispo-emerito-joao-muenho-no-cuanza-norte","status":"publish","type":"post","link":"https:\/\/rna.ao\/rna.ao\/2021\/12\/03\/delegacao-da-igreja-alianca-africana-vai-as-exequias-do-bispo-emerito-joao-muenho-no-cuanza-norte\/","title":{"rendered":"Delega\u00e7\u00e3o da Igreja Alian\u00e7a Africana vai \u00e0s ex\u00e9quias do Bispo em\u00e9rito Jo\u00e3o Muenho no Cuanza-Norte"},"content":{"rendered":"<p><img loading=\"lazy\" class=\"size-full wp-image-44613 alignleft\" src=\"https:\/\/rna.ao\/rna.ao\/wp-content\/uploads\/2021\/12\/Diocesse-de-Ndalatando.jpg\" alt=\"\" width=\"287\" height=\"176\" \/>Uma delega\u00e7\u00e3o da Igreja Alian\u00e7a Africana parte esta sexta-feira, 03\/12, de Luanda para a Prov\u00edncia do Cuanza-Norte, com o objectivo de participar das ex\u00e9quias do bispo em\u00e9rito Jo\u00e3o Baptista Zau Muenho, que morreu na \u00faltima ter\u00e7a-feira, v\u00edtima de doen\u00e7a. O presidente do Conselho Administrativo da Alian\u00e7a das Igrejas Africanas, reverendo Janita Francisco, disse que a inten\u00e7\u00e3o \u00e9 estender o bra\u00e7o solid\u00e1rio \u00e0 fam\u00edlia enlutada. Clique no \u00e1udio e ou\u00e7a:<\/p>\n\t<div class=\"qtmplayer-playlist-large\">\n\t\t<ul class=\"qtmplayer-playlist\">\n\t\t\t\n\t\t\t\t\t<li class=\"qtmplayer-trackitem\">\n\t\t<img src=\"https:\/\/rna.ao\/rna.ao\/wp-content\/uploads\/2021\/12\/Diocesse-de-Ndalatando-100x100.jpg\" alt=\"cover\">\t\t<span \t\t\tdata-qtmplayer-cover=\"https:\/\/rna.ao\/rna.ao\/wp-content\/uploads\/2021\/12\/Diocesse-de-Ndalatando.jpg\"\n\t\t\t\t\t\tdata-qtmplayer-file=\"https:\/\/rna.ao\/rna.ao\/wp-content\/uploads\/2021\/12\/REVERENDO-JANITA-LUIS-FRANCISCO-20HRS.mp3\"\n\t\t\t\t\t\tdata-qtmplayer-title=\"Delega\u00e7\u00e3o da Igreja Alian\u00e7a Africana vai \u00e0s ex\u00e9quias do Bispo em\u00e9rito Jo\u00e3o Muenho no Cuanza-Norte\"\n\t\t\t\t\t\tdata-qtmplayer-artist=\"RNA\"\n\t\t\t\t\t\tdata-qtmplayer-link=\"https:\/\/rna.ao\/rna.ao\/2021\/12\/03\/delegacao-da-igreja-alianca-africana-vai-as-exequias-do-bispo-emerito-joao-muenho-no-cuanza-norte\/\"\n\t\t\t\t\t\tdata-qtmplayer-icon=\"file_download\"\n\t\t\t\t\t\tdata-qtmplayer-type=\"track\"\n\t\t\t class=\"qtmplayer-play qtmplayer-link-sec qtmplayer-play-btn\"><i class='material-icons'>play_arrow<\/i><\/span>\n\t\t<p>\n\t\t\t<span class=\"qtmplayer-tit\">Delega\u00e7\u00e3o da Igreja Alian\u00e7a Africana vai \u00e0s ex\u00e9quias do Bispo em\u00e9rito Jo\u00e3o Muenho no Cuanza-Norte<\/span>\n\t\t\t<span class=\"qtmplayer-art\">RNA<\/span>\n\t\t<\/p>\n\t<\/li>\n\t\t<\/ul>\n\t<\/div>\t\t\t\n\t\n<p>Fonte: RNA<\/p>\n","protected":false},"excerpt":{"rendered":"<p>Uma delega\u00e7\u00e3o da Igreja Alian\u00e7a Africana parte esta sexta-feira, 03\/12, de Luanda para a Prov\u00edncia do Cuanza-Norte, com o objectivo de participar das ex\u00e9quias do bispo em\u00e9rito Jo\u00e3o Baptista Zau Muenho, que morreu na \u00faltima ter\u00e7a-feira, v\u00edtima de doen\u00e7a. O presidente do Conselho Administrativo da Alian\u00e7a das Igrejas Africanas, reverendo ...<\/p>\n","protected":false},"author":8,"featured_media":44613,"comment_status":"closed","ping_status":"closed","sticky":false,"template":"","format":"standard","meta":[],"categories":[142,121,163],"tags":[],"_links":{"self":[{"href":"https:\/\/rna.ao\/rna.ao\/wp-json\/wp\/v2\/posts\/44601"}],"collection":[{"href":"https:\/\/rna.ao\/rna.ao\/wp-json\/wp\/v2\/posts"}],"about":[{"href":"https:\/\/rna.ao\/rna.ao\/wp-json\/wp\/v2\/types\/post"}],"author":[{"embeddable":true,"href":"https:\/\/rna.ao\/rna.ao\/wp-json\/wp\/v2\/users\/8"}],"replies":[{"embeddable":true,"href":"https:\/\/rna.ao\/rna.ao\/wp-json\/wp\/v2\/comments?post=44601"}],"version-history":[{"count":2,"href":"https:\/\/rna.ao\/rna.ao\/wp-json\/wp\/v2\/posts\/44601\/revisions"}],"predecessor-version":[{"id":44645,"href":"https:\/\/rna.ao\/rna.ao\/wp-json\/wp\/v2\/posts\/44601\/revisions\/44645"}],"wp:featuredmedia":[{"embeddable":true,"href":"https:\/\/rna.ao\/rna.ao\/wp-json\/wp\/v2\/media\/44613"}],"wp:attachment":[{"href":"https:\/\/rna.ao\/rna.ao\/wp-json\/wp\/v2\/media?parent=44601"}],"wp:term":[{"taxonomy":"category","embeddable":true,"href":"https:\/\/rna.ao\/rna.ao\/wp-json\/wp\/v2\/categories?post=44601"},{"taxonomy":"post_tag","embeddable":true,"href":"https:\/\/rna.ao\/rna.ao\/wp-json\/wp\/v2\/tags?post=44601"}],"curies":[{"name":"wp","href":"https:\/\/api.w.org\/{rel}","templated":true}]}}