{"id":43996,"date":"2021-11-27T07:33:26","date_gmt":"2021-11-27T06:33:26","guid":{"rendered":"https:\/\/rna.ao\/rna.ao\/?p=43996"},"modified":"2021-11-27T09:48:41","modified_gmt":"2021-11-27T08:48:41","slug":"interclube-joga-com-asec-mimosas-em-abidjan-para-1a-mao-da-fase-de-grupos-da-taca-caf","status":"publish","type":"post","link":"https:\/\/rna.ao\/rna.ao\/2021\/11\/27\/interclube-joga-com-asec-mimosas-em-abidjan-para-1a-mao-da-fase-de-grupos-da-taca-caf\/","title":{"rendered":"Interclube joga com ASEC MIMOSAS em Abidjan para 1\u00aa m\u00e3o da fase de grupos da Ta\u00e7a CAF"},"content":{"rendered":"<p><img loading=\"lazy\" class=\"size-medium wp-image-43998 aligncenter\" src=\"https:\/\/rna.ao\/rna.ao\/wp-content\/uploads\/2021\/11\/iNTERCLUBE-770x514.jpg\" alt=\"\" width=\"770\" height=\"514\" srcset=\"https:\/\/rna.ao\/rna.ao\/wp-content\/uploads\/2021\/11\/iNTERCLUBE-770x514.jpg 770w, https:\/\/rna.ao\/rna.ao\/wp-content\/uploads\/2021\/11\/iNTERCLUBE-768x512.jpg 768w, https:\/\/rna.ao\/rna.ao\/wp-content\/uploads\/2021\/11\/iNTERCLUBE.jpg 1036w\" sizes=\"(max-width: 770px) 100vw, 770px\" \/>A equipa de futebol s\u00e9nior masculina do Grupo Desportivo Interclube joga neste domingo, 28 de Novembro, em Abidjan, com o ASEC MIMOSAS , para a primeira m\u00e3o dos Play-Off de acesso \u00e0 fase de grupos da Ta\u00e7a CAF. Clique, no \u00e1udio abaixo, e saiba mais com o jornalista Aldo Vida:<\/p>\n\t<div class=\"qtmplayer-playlist-large\">\n\t\t<ul class=\"qtmplayer-playlist\">\n\t\t\t\n\t\t\t\t\t<li class=\"qtmplayer-trackitem\">\n\t\t<img src=\"https:\/\/rna.ao\/rna.ao\/wp-content\/uploads\/2021\/11\/Interclube-2-equipa-treino-100x100.jpg\" alt=\"cover\">\t\t<span \t\t\tdata-qtmplayer-cover=\"https:\/\/rna.ao\/rna.ao\/wp-content\/uploads\/2021\/11\/Interclube-2-equipa-treino.jpg\"\n\t\t\t\t\t\tdata-qtmplayer-file=\"https:\/\/rna.ao\/rna.ao\/wp-content\/uploads\/2021\/11\/ALDO-VIDA.mp3\"\n\t\t\t\t\t\tdata-qtmplayer-title=\"Interclube joga com ASEC MIMOSAS em Abidjan para 1\u00aa m\u00e3o da fase de grupos da Ta\u00e7a CAF\"\n\t\t\t\t\t\tdata-qtmplayer-artist=\"RNA\"\n\t\t\t\t\t\tdata-qtmplayer-link=\"https:\/\/rna.ao\/rna.ao\/2021\/11\/27\/interclube-joga-com-asec-mimosas-em-abidjan-para-1a-mao-da-fase-de-grupos-da-taca-caf\/\"\n\t\t\t\t\t\tdata-qtmplayer-icon=\"file_download\"\n\t\t\t\t\t\tdata-qtmplayer-type=\"track\"\n\t\t\t class=\"qtmplayer-play qtmplayer-link-sec qtmplayer-play-btn\"><i class='material-icons'>play_arrow<\/i><\/span>\n\t\t<p>\n\t\t\t<span class=\"qtmplayer-tit\">Interclube joga com ASEC MIMOSAS em Abidjan para 1\u00aa m\u00e3o da fase de grupos da Ta\u00e7a CAF<\/span>\n\t\t\t<span class=\"qtmplayer-art\">RNA<\/span>\n\t\t<\/p>\n\t<\/li>\n\t\t<\/ul>\n\t<\/div>\t\t\t\n\t\n<p>Fonte: R\u00e1dio 5\/RNA<\/p>\n","protected":false},"excerpt":{"rendered":"<p>A equipa de futebol s\u00e9nior masculina do Grupo Desportivo Interclube joga neste domingo, 28 de Novembro, em Abidjan, com o ASEC MIMOSAS , para a primeira m\u00e3o dos Play-Off de acesso \u00e0 fase de grupos da Ta\u00e7a CAF. Clique, no \u00e1udio abaixo, e saiba mais com o jornalista Aldo Vida: ...<\/p>\n","protected":false},"author":8,"featured_media":43999,"comment_status":"closed","ping_status":"closed","sticky":false,"template":"","format":"standard","meta":[],"categories":[145,125,164],"tags":[],"_links":{"self":[{"href":"https:\/\/rna.ao\/rna.ao\/wp-json\/wp\/v2\/posts\/43996"}],"collection":[{"href":"https:\/\/rna.ao\/rna.ao\/wp-json\/wp\/v2\/posts"}],"about":[{"href":"https:\/\/rna.ao\/rna.ao\/wp-json\/wp\/v2\/types\/post"}],"author":[{"embeddable":true,"href":"https:\/\/rna.ao\/rna.ao\/wp-json\/wp\/v2\/users\/8"}],"replies":[{"embeddable":true,"href":"https:\/\/rna.ao\/rna.ao\/wp-json\/wp\/v2\/comments?post=43996"}],"version-history":[{"count":1,"href":"https:\/\/rna.ao\/rna.ao\/wp-json\/wp\/v2\/posts\/43996\/revisions"}],"predecessor-version":[{"id":44000,"href":"https:\/\/rna.ao\/rna.ao\/wp-json\/wp\/v2\/posts\/43996\/revisions\/44000"}],"wp:featuredmedia":[{"embeddable":true,"href":"https:\/\/rna.ao\/rna.ao\/wp-json\/wp\/v2\/media\/43999"}],"wp:attachment":[{"href":"https:\/\/rna.ao\/rna.ao\/wp-json\/wp\/v2\/media?parent=43996"}],"wp:term":[{"taxonomy":"category","embeddable":true,"href":"https:\/\/rna.ao\/rna.ao\/wp-json\/wp\/v2\/categories?post=43996"},{"taxonomy":"post_tag","embeddable":true,"href":"https:\/\/rna.ao\/rna.ao\/wp-json\/wp\/v2\/tags?post=43996"}],"curies":[{"name":"wp","href":"https:\/\/api.w.org\/{rel}","templated":true}]}}