{"id":43978,"date":"2021-11-27T07:49:36","date_gmt":"2021-11-27T06:49:36","guid":{"rendered":"https:\/\/rna.ao\/rna.ao\/?p=43978"},"modified":"2021-11-27T08:41:48","modified_gmt":"2021-11-27T07:41:48","slug":"empregadores-que-contratarem-jovens-dos-18-aos-30-anos-estao-isentos-da-taxa-contributiva-da-seguranca-social","status":"publish","type":"post","link":"https:\/\/rna.ao\/rna.ao\/2021\/11\/27\/empregadores-que-contratarem-jovens-dos-18-aos-30-anos-estao-isentos-da-taxa-contributiva-da-seguranca-social\/","title":{"rendered":"Empregadores que contratarem jovens dos 18 aos 30 anos est\u00e3o isentos da Taxa contributiva da Seguran\u00e7a Social"},"content":{"rendered":"<p><img loading=\"lazy\" class=\"size-full wp-image-43980 alignleft\" src=\"https:\/\/rna.ao\/rna.ao\/wp-content\/uploads\/2021\/11\/Teresa-Rodrigues-Dias-1.jpg\" alt=\"\" width=\"281\" height=\"188\" \/>O Governo aprovou a isen\u00e7\u00e3o da taxa contributiva da Seguran\u00e7a Social para todos os empregadores que contratarem jovens dos 18\u00a0 aos 30 anos, que j\u00e1 estejam inscritos no INSS e perderam os seus empregos por causa da covid19. A Ministra da Administra\u00e7\u00e3o P\u00fablica, Trabalho e Seguran\u00e7a Social, Teresa Dias, disse que esta isen\u00e7\u00e3o abrange tamb\u00e9m os empregadores que contratarem pessoas com defici\u00eancia. Teresa Dias falava no fim da reuni\u00e3o da Comiss\u00e3o Econ\u00f3mica do Conselho de Ministros, onde o Ministro da Economia e Planeamento, M\u00e1rio Caetano anunciou o aumento das reservas liquidas internacionais e a redu\u00e7\u00e3o da evacua\u00e7\u00e3o de pacientes para o estrangeiro. Saiba mais, no \u00e1udio abaixo, com o jornalista Manuel Esperan\u00e7a:<\/p>\n\t<div class=\"qtmplayer-playlist-large\">\n\t\t<ul class=\"qtmplayer-playlist\">\n\t\t\t\n\t\t\t\t\t<li class=\"qtmplayer-trackitem\">\n\t\t<img src=\"https:\/\/rna.ao\/rna.ao\/wp-content\/uploads\/2021\/11\/Teresa-Rodrigues-Dias-1-100x100.jpg\" alt=\"cover\">\t\t<span \t\t\tdata-qtmplayer-cover=\"https:\/\/rna.ao\/rna.ao\/wp-content\/uploads\/2021\/11\/Teresa-Rodrigues-Dias-1.jpg\"\n\t\t\t\t\t\tdata-qtmplayer-file=\"https:\/\/rna.ao\/rna.ao\/wp-content\/uploads\/2021\/11\/MANUEL-ESPERANCA-13HRS.mp3\"\n\t\t\t\t\t\tdata-qtmplayer-title=\"Empregadores que contratarem jovens dos 18 aos 30 anos est\u00e3o isentos da Taxa contributiva da Seguran\u00e7a Social\"\n\t\t\t\t\t\tdata-qtmplayer-artist=\"RNA\"\n\t\t\t\t\t\tdata-qtmplayer-link=\"https:\/\/rna.ao\/rna.ao\/2021\/11\/27\/empregadores-que-contratarem-jovens-dos-18-aos-30-anos-estao-isentos-da-taxa-contributiva-da-seguranca-social\/\"\n\t\t\t\t\t\tdata-qtmplayer-icon=\"file_download\"\n\t\t\t\t\t\tdata-qtmplayer-type=\"track\"\n\t\t\t class=\"qtmplayer-play qtmplayer-link-sec qtmplayer-play-btn\"><i class='material-icons'>play_arrow<\/i><\/span>\n\t\t<p>\n\t\t\t<span class=\"qtmplayer-tit\">Empregadores que contratarem jovens dos 18 aos 30 anos est\u00e3o isentos da Taxa contributiva da Seguran\u00e7a Social<\/span>\n\t\t\t<span class=\"qtmplayer-art\">RNA<\/span>\n\t\t<\/p>\n\t<\/li>\n\t\t<\/ul>\n\t<\/div>\t\t\t\n\t\n<p>Fonte: RNA<\/p>\n","protected":false},"excerpt":{"rendered":"<p>O Governo aprovou a isen\u00e7\u00e3o da taxa contributiva da Seguran\u00e7a Social para todos os empregadores que contratarem jovens dos 18\u00a0 aos 30 anos, que j\u00e1 estejam inscritos no INSS e perderam os seus empregos por causa da covid19. A Ministra da Administra\u00e7\u00e3o P\u00fablica, Trabalho e Seguran\u00e7a Social, Teresa Dias, disse ...<\/p>\n","protected":false},"author":8,"featured_media":43980,"comment_status":"closed","ping_status":"closed","sticky":false,"template":"","format":"standard","meta":[],"categories":[142,121,163],"tags":[],"_links":{"self":[{"href":"https:\/\/rna.ao\/rna.ao\/wp-json\/wp\/v2\/posts\/43978"}],"collection":[{"href":"https:\/\/rna.ao\/rna.ao\/wp-json\/wp\/v2\/posts"}],"about":[{"href":"https:\/\/rna.ao\/rna.ao\/wp-json\/wp\/v2\/types\/post"}],"author":[{"embeddable":true,"href":"https:\/\/rna.ao\/rna.ao\/wp-json\/wp\/v2\/users\/8"}],"replies":[{"embeddable":true,"href":"https:\/\/rna.ao\/rna.ao\/wp-json\/wp\/v2\/comments?post=43978"}],"version-history":[{"count":1,"href":"https:\/\/rna.ao\/rna.ao\/wp-json\/wp\/v2\/posts\/43978\/revisions"}],"predecessor-version":[{"id":43981,"href":"https:\/\/rna.ao\/rna.ao\/wp-json\/wp\/v2\/posts\/43978\/revisions\/43981"}],"wp:featuredmedia":[{"embeddable":true,"href":"https:\/\/rna.ao\/rna.ao\/wp-json\/wp\/v2\/media\/43980"}],"wp:attachment":[{"href":"https:\/\/rna.ao\/rna.ao\/wp-json\/wp\/v2\/media?parent=43978"}],"wp:term":[{"taxonomy":"category","embeddable":true,"href":"https:\/\/rna.ao\/rna.ao\/wp-json\/wp\/v2\/categories?post=43978"},{"taxonomy":"post_tag","embeddable":true,"href":"https:\/\/rna.ao\/rna.ao\/wp-json\/wp\/v2\/tags?post=43978"}],"curies":[{"name":"wp","href":"https:\/\/api.w.org\/{rel}","templated":true}]}}