{"id":43975,"date":"2021-11-27T07:47:17","date_gmt":"2021-11-27T06:47:17","guid":{"rendered":"https:\/\/rna.ao\/rna.ao\/?p=43975"},"modified":"2021-11-27T08:33:04","modified_gmt":"2021-11-27T07:33:04","slug":"alteracao-da-caixa-de-seguranca-social-das-faa-para-instituto-vai-permitir-maior-capacidade-de-respostas-aos-seus-assistidos","status":"publish","type":"post","link":"https:\/\/rna.ao\/rna.ao\/2021\/11\/27\/alteracao-da-caixa-de-seguranca-social-das-faa-para-instituto-vai-permitir-maior-capacidade-de-respostas-aos-seus-assistidos\/","title":{"rendered":"Altera\u00e7\u00e3o da Caixa de Seguran\u00e7a Social das FAA para Instituto vai permitir maior capacidade de respostas aos seus assistidos"},"content":{"rendered":"<p><img loading=\"lazy\" class=\"size-full wp-image-30921 alignleft\" src=\"https:\/\/rna.ao\/rna.ao\/wp-content\/uploads\/2021\/07\/Dopmingos-Andre-Tchikanha.jpg\" alt=\"\" width=\"312\" height=\"274\" \/>O Minist\u00e9rio da Defesa Nacional considera que a altera\u00e7\u00e3o da Caixa de Seguran\u00e7a Social das FAA, para Instituto, vai permitir o aumento da efici\u00eancia \u00e0s respostas aos seus assistidos. Segundo o Secret\u00e1rio de Estado do Minist\u00e9rio da Defesa e Veteranos da P\u00e1tria, que falava no encerramento do curso de defesa nacional e seguran\u00e7a p\u00fablica, o novo \u00f3rg\u00e3o vai manter a gest\u00e3o do sistema de protec\u00e7\u00e3o social dos militares reformados. Ou\u00e7a, no \u00e1udio abaixo, o jornalista Nelson Pedro com mais desenvolvimento:<\/p>\n\t<div class=\"qtmplayer-playlist-large\">\n\t\t<ul class=\"qtmplayer-playlist\">\n\t\t\t\n\t\t\t\t\t<li class=\"qtmplayer-trackitem\">\n\t\t<img src=\"https:\/\/rna.ao\/rna.ao\/wp-content\/uploads\/2021\/07\/Dopmingos-Andre-Tchikanha-100x100.jpg\" alt=\"cover\">\t\t<span \t\t\tdata-qtmplayer-cover=\"https:\/\/rna.ao\/rna.ao\/wp-content\/uploads\/2021\/07\/Dopmingos-Andre-Tchikanha.jpg\"\n\t\t\t\t\t\tdata-qtmplayer-file=\"https:\/\/rna.ao\/rna.ao\/wp-content\/uploads\/2021\/11\/NELSON-PEDRO-SEGURANCA-SOCIAL-DAS-FAA-17HRS.mp3\"\n\t\t\t\t\t\tdata-qtmplayer-title=\"Altera\u00e7\u00e3o da Caixa de Seguran\u00e7a Social das FAA para Instituto vai permitir maior capacidade de respostas aos seus assistidos\"\n\t\t\t\t\t\tdata-qtmplayer-artist=\"RNA\"\n\t\t\t\t\t\tdata-qtmplayer-link=\"https:\/\/rna.ao\/rna.ao\/2021\/11\/27\/alteracao-da-caixa-de-seguranca-social-das-faa-para-instituto-vai-permitir-maior-capacidade-de-respostas-aos-seus-assistidos\/\"\n\t\t\t\t\t\tdata-qtmplayer-icon=\"file_download\"\n\t\t\t\t\t\tdata-qtmplayer-type=\"track\"\n\t\t\t class=\"qtmplayer-play qtmplayer-link-sec qtmplayer-play-btn\"><i class='material-icons'>play_arrow<\/i><\/span>\n\t\t<p>\n\t\t\t<span class=\"qtmplayer-tit\">Altera\u00e7\u00e3o da Caixa de Seguran\u00e7a Social das FAA para Instituto vai permitir maior capacidade de respostas aos seus assistidos<\/span>\n\t\t\t<span class=\"qtmplayer-art\">RNA<\/span>\n\t\t<\/p>\n\t<\/li>\n\t\t<\/ul>\n\t<\/div>\t\t\t\n\t\n<p>Fonte: RNA<\/p>\n<p>&nbsp;<\/p>\n","protected":false},"excerpt":{"rendered":"<p>O Minist\u00e9rio da Defesa Nacional considera que a altera\u00e7\u00e3o da Caixa de Seguran\u00e7a Social das FAA, para Instituto, vai permitir o aumento da efici\u00eancia \u00e0s respostas aos seus assistidos. Segundo o Secret\u00e1rio de Estado do Minist\u00e9rio da Defesa e Veteranos da P\u00e1tria, que falava no encerramento do curso de defesa ...<\/p>\n","protected":false},"author":8,"featured_media":30921,"comment_status":"closed","ping_status":"closed","sticky":false,"template":"","format":"standard","meta":[],"categories":[142,121,163],"tags":[],"_links":{"self":[{"href":"https:\/\/rna.ao\/rna.ao\/wp-json\/wp\/v2\/posts\/43975"}],"collection":[{"href":"https:\/\/rna.ao\/rna.ao\/wp-json\/wp\/v2\/posts"}],"about":[{"href":"https:\/\/rna.ao\/rna.ao\/wp-json\/wp\/v2\/types\/post"}],"author":[{"embeddable":true,"href":"https:\/\/rna.ao\/rna.ao\/wp-json\/wp\/v2\/users\/8"}],"replies":[{"embeddable":true,"href":"https:\/\/rna.ao\/rna.ao\/wp-json\/wp\/v2\/comments?post=43975"}],"version-history":[{"count":1,"href":"https:\/\/rna.ao\/rna.ao\/wp-json\/wp\/v2\/posts\/43975\/revisions"}],"predecessor-version":[{"id":43977,"href":"https:\/\/rna.ao\/rna.ao\/wp-json\/wp\/v2\/posts\/43975\/revisions\/43977"}],"wp:featuredmedia":[{"embeddable":true,"href":"https:\/\/rna.ao\/rna.ao\/wp-json\/wp\/v2\/media\/30921"}],"wp:attachment":[{"href":"https:\/\/rna.ao\/rna.ao\/wp-json\/wp\/v2\/media?parent=43975"}],"wp:term":[{"taxonomy":"category","embeddable":true,"href":"https:\/\/rna.ao\/rna.ao\/wp-json\/wp\/v2\/categories?post=43975"},{"taxonomy":"post_tag","embeddable":true,"href":"https:\/\/rna.ao\/rna.ao\/wp-json\/wp\/v2\/tags?post=43975"}],"curies":[{"name":"wp","href":"https:\/\/api.w.org\/{rel}","templated":true}]}}