{"id":43968,"date":"2021-11-27T08:26:30","date_gmt":"2021-11-27T07:26:30","guid":{"rendered":"https:\/\/rna.ao\/rna.ao\/?p=43968"},"modified":"2021-11-27T08:26:30","modified_gmt":"2021-11-27T07:26:30","slug":"luanda-volta-a-ser-a-capital-da-paz-de-africa-quatro-chefes-de-estado-presentes-na-2a-edicao-da-bienal","status":"publish","type":"post","link":"https:\/\/rna.ao\/rna.ao\/2021\/11\/27\/luanda-volta-a-ser-a-capital-da-paz-de-africa-quatro-chefes-de-estado-presentes-na-2a-edicao-da-bienal\/","title":{"rendered":"Luanda volta a ser a capital da Paz de \u00c1frica. Quatro Chefes de Estado presentes na 2\u00aa edi\u00e7\u00e3o da Bienal"},"content":{"rendered":"<p><img loading=\"lazy\" class=\"size-full wp-image-43973 alignleft\" src=\"https:\/\/rna.ao\/rna.ao\/wp-content\/uploads\/2021\/11\/PR-Bienal-2.jpg\" alt=\"\" width=\"314\" height=\"229\" \/>A segunda Bienal de Luanda, F\u00f3rum Pan-Africano para a Cultura de Paz, inicia este s\u00e1bado, 27 de Novembro. O Presidente da Rep\u00fablica de Angola, Jo\u00e3o Louren\u00e7o, abre o evento, que ser\u00e1 testemunhado pelos Chefes de Estados de Portugal, RDC, S\u00e3o Tom\u00e9 e Pr\u00edncipe e Rep\u00fablica do Congo. A segunda Bienal de Luanda, que vai at\u00e9 30 de Novembro, \u00e9 consagrada a cultura da paz e resolu\u00e7\u00e3o de conflitos. Clique, no \u00e1udio abaixo, e ou\u00e7a a jornalista Joana Gaspar com mais dados:<\/p>\n\t<div class=\"qtmplayer-playlist-large\">\n\t\t<ul class=\"qtmplayer-playlist\">\n\t\t\t\n\t\t\t\t\t<li class=\"qtmplayer-trackitem\">\n\t\t<img src=\"https:\/\/rna.ao\/rna.ao\/wp-content\/uploads\/2021\/11\/PR-Bienal-2-100x100.jpg\" alt=\"cover\">\t\t<span \t\t\tdata-qtmplayer-cover=\"https:\/\/rna.ao\/rna.ao\/wp-content\/uploads\/2021\/11\/PR-Bienal-2.jpg\"\n\t\t\t\t\t\tdata-qtmplayer-file=\"https:\/\/rna.ao\/rna.ao\/wp-content\/uploads\/2021\/11\/JOANA-GASPAR-BIENAL-20HRS.mp3\"\n\t\t\t\t\t\tdata-qtmplayer-title=\"Luanda volta a ser a capital da Paz de \u00c1frica. Quatro Chefes de Estado presentes na 2\u00aa edi\u00e7\u00e3o da Bienal\"\n\t\t\t\t\t\tdata-qtmplayer-artist=\"RNA\"\n\t\t\t\t\t\tdata-qtmplayer-link=\"https:\/\/rna.ao\/rna.ao\/2021\/11\/27\/luanda-volta-a-ser-a-capital-da-paz-de-africa-quatro-chefes-de-estado-presentes-na-2a-edicao-da-bienal\/\"\n\t\t\t\t\t\tdata-qtmplayer-icon=\"file_download\"\n\t\t\t\t\t\tdata-qtmplayer-type=\"track\"\n\t\t\t class=\"qtmplayer-play qtmplayer-link-sec qtmplayer-play-btn\"><i class='material-icons'>play_arrow<\/i><\/span>\n\t\t<p>\n\t\t\t<span class=\"qtmplayer-tit\">Luanda volta a ser a capital da Paz de \u00c1frica. Quatro Chefes de Estado presentes na 2\u00aa edi\u00e7\u00e3o da Bienal<\/span>\n\t\t\t<span class=\"qtmplayer-art\">RNA<\/span>\n\t\t<\/p>\n\t<\/li>\n\t\t<\/ul>\n\t<\/div>\t\t\t\n\t\n<p>Fonte: RNA<\/p>\n","protected":false},"excerpt":{"rendered":"<p>A segunda Bienal de Luanda, F\u00f3rum Pan-Africano para a Cultura de Paz, inicia este s\u00e1bado, 27 de Novembro. O Presidente da Rep\u00fablica de Angola, Jo\u00e3o Louren\u00e7o, abre o evento, que ser\u00e1 testemunhado pelos Chefes de Estados de Portugal, RDC, S\u00e3o Tom\u00e9 e Pr\u00edncipe e Rep\u00fablica do Congo. A segunda Bienal ...<\/p>\n","protected":false},"author":8,"featured_media":43973,"comment_status":"closed","ping_status":"closed","sticky":false,"template":"","format":"standard","meta":[],"categories":[142,121,163],"tags":[],"_links":{"self":[{"href":"https:\/\/rna.ao\/rna.ao\/wp-json\/wp\/v2\/posts\/43968"}],"collection":[{"href":"https:\/\/rna.ao\/rna.ao\/wp-json\/wp\/v2\/posts"}],"about":[{"href":"https:\/\/rna.ao\/rna.ao\/wp-json\/wp\/v2\/types\/post"}],"author":[{"embeddable":true,"href":"https:\/\/rna.ao\/rna.ao\/wp-json\/wp\/v2\/users\/8"}],"replies":[{"embeddable":true,"href":"https:\/\/rna.ao\/rna.ao\/wp-json\/wp\/v2\/comments?post=43968"}],"version-history":[{"count":1,"href":"https:\/\/rna.ao\/rna.ao\/wp-json\/wp\/v2\/posts\/43968\/revisions"}],"predecessor-version":[{"id":43974,"href":"https:\/\/rna.ao\/rna.ao\/wp-json\/wp\/v2\/posts\/43968\/revisions\/43974"}],"wp:featuredmedia":[{"embeddable":true,"href":"https:\/\/rna.ao\/rna.ao\/wp-json\/wp\/v2\/media\/43973"}],"wp:attachment":[{"href":"https:\/\/rna.ao\/rna.ao\/wp-json\/wp\/v2\/media?parent=43968"}],"wp:term":[{"taxonomy":"category","embeddable":true,"href":"https:\/\/rna.ao\/rna.ao\/wp-json\/wp\/v2\/categories?post=43968"},{"taxonomy":"post_tag","embeddable":true,"href":"https:\/\/rna.ao\/rna.ao\/wp-json\/wp\/v2\/tags?post=43968"}],"curies":[{"name":"wp","href":"https:\/\/api.w.org\/{rel}","templated":true}]}}