{"id":43967,"date":"2021-11-27T07:48:52","date_gmt":"2021-11-27T06:48:52","guid":{"rendered":"https:\/\/rna.ao\/rna.ao\/?p=43967"},"modified":"2021-11-27T07:48:52","modified_gmt":"2021-11-27T06:48:52","slug":"malanje-progressao-de-ravina-pode-cortar-acesso-agua-e-energia-eletrica-a-vila-de-massangano","status":"publish","type":"post","link":"https:\/\/rna.ao\/rna.ao\/2021\/11\/27\/malanje-progressao-de-ravina-pode-cortar-acesso-agua-e-energia-eletrica-a-vila-de-massangano\/","title":{"rendered":"Malanje: Progress\u00e3o de ravina pode cortar acesso, \u00e1gua e energia el\u00e9trica a Vila de Massangano"},"content":{"rendered":"<p><img loading=\"lazy\" class=\"alignnone size-full wp-image-43970\" src=\"https:\/\/rna.ao\/rna.ao\/wp-content\/uploads\/2021\/11\/Ravina.jpg\" alt=\"\" width=\"308\" height=\"173\" \/>Uma ravina de grande propor\u00e7\u00e3o pode, a qualquer momento, cortar o acesso a vila de Massango em Malanje e condicionar o fornecimento da energia el\u00e9ctrica e da \u00e1gua. A situa\u00e7\u00e3o preocupa os moradores daquela localidade, que solicitam \u00e0s autoridades de direito uma interven\u00e7\u00e3o urgente. Ou\u00e7a, no \u00e1udio abaixo, o rep\u00f3rter\u00a0Carlos Jorge com mais dados:<\/p>\n\t<div class=\"qtmplayer-playlist-large\">\n\t\t<ul class=\"qtmplayer-playlist\">\n\t\t\t\n\t\t\t\t\t<li class=\"qtmplayer-trackitem\">\n\t\t<img src=\"https:\/\/rna.ao\/rna.ao\/wp-content\/uploads\/2021\/11\/Ravina-100x100.jpg\" alt=\"cover\">\t\t<span \t\t\tdata-qtmplayer-cover=\"https:\/\/rna.ao\/rna.ao\/wp-content\/uploads\/2021\/11\/Ravina.jpg\"\n\t\t\t\t\t\tdata-qtmplayer-file=\"https:\/\/rna.ao\/rna.ao\/wp-content\/uploads\/2021\/11\/MALANGE-RAVINAS-17HRS.mp3\"\n\t\t\t\t\t\tdata-qtmplayer-title=\"Malanje: Progress\u00e3o de ravina pode cortar acesso, \u00e1gua e energia el\u00e9trica a Vila de Massangano\"\n\t\t\t\t\t\tdata-qtmplayer-artist=\"RNA\"\n\t\t\t\t\t\tdata-qtmplayer-link=\"https:\/\/rna.ao\/rna.ao\/2021\/11\/27\/malanje-progressao-de-ravina-pode-cortar-acesso-agua-e-energia-eletrica-a-vila-de-massangano\/\"\n\t\t\t\t\t\tdata-qtmplayer-icon=\"file_download\"\n\t\t\t\t\t\tdata-qtmplayer-type=\"track\"\n\t\t\t class=\"qtmplayer-play qtmplayer-link-sec qtmplayer-play-btn\"><i class='material-icons'>play_arrow<\/i><\/span>\n\t\t<p>\n\t\t\t<span class=\"qtmplayer-tit\">Malanje: Progress\u00e3o de ravina pode cortar acesso, \u00e1gua e energia el\u00e9trica a Vila de Massangano<\/span>\n\t\t\t<span class=\"qtmplayer-art\">RNA<\/span>\n\t\t<\/p>\n\t<\/li>\n\t\t<\/ul>\n\t<\/div>\t\t\t\n\t\n<p>Fonte: RNA<\/p>\n<p>&nbsp;<\/p>\n","protected":false},"excerpt":{"rendered":"<p>Uma ravina de grande propor\u00e7\u00e3o pode, a qualquer momento, cortar o acesso a vila de Massango em Malanje e condicionar o fornecimento da energia el\u00e9ctrica e da \u00e1gua. A situa\u00e7\u00e3o preocupa os moradores daquela localidade, que solicitam \u00e0s autoridades de direito uma interven\u00e7\u00e3o urgente. Ou\u00e7a, no \u00e1udio abaixo, o rep\u00f3rter\u00a0Carlos ...<\/p>\n","protected":false},"author":8,"featured_media":43970,"comment_status":"closed","ping_status":"closed","sticky":false,"template":"","format":"standard","meta":[],"categories":[142,121,163],"tags":[],"_links":{"self":[{"href":"https:\/\/rna.ao\/rna.ao\/wp-json\/wp\/v2\/posts\/43967"}],"collection":[{"href":"https:\/\/rna.ao\/rna.ao\/wp-json\/wp\/v2\/posts"}],"about":[{"href":"https:\/\/rna.ao\/rna.ao\/wp-json\/wp\/v2\/types\/post"}],"author":[{"embeddable":true,"href":"https:\/\/rna.ao\/rna.ao\/wp-json\/wp\/v2\/users\/8"}],"replies":[{"embeddable":true,"href":"https:\/\/rna.ao\/rna.ao\/wp-json\/wp\/v2\/comments?post=43967"}],"version-history":[{"count":1,"href":"https:\/\/rna.ao\/rna.ao\/wp-json\/wp\/v2\/posts\/43967\/revisions"}],"predecessor-version":[{"id":43971,"href":"https:\/\/rna.ao\/rna.ao\/wp-json\/wp\/v2\/posts\/43967\/revisions\/43971"}],"wp:featuredmedia":[{"embeddable":true,"href":"https:\/\/rna.ao\/rna.ao\/wp-json\/wp\/v2\/media\/43970"}],"wp:attachment":[{"href":"https:\/\/rna.ao\/rna.ao\/wp-json\/wp\/v2\/media?parent=43967"}],"wp:term":[{"taxonomy":"category","embeddable":true,"href":"https:\/\/rna.ao\/rna.ao\/wp-json\/wp\/v2\/categories?post=43967"},{"taxonomy":"post_tag","embeddable":true,"href":"https:\/\/rna.ao\/rna.ao\/wp-json\/wp\/v2\/tags?post=43967"}],"curies":[{"name":"wp","href":"https:\/\/api.w.org\/{rel}","templated":true}]}}