{"id":43945,"date":"2021-11-26T07:35:21","date_gmt":"2021-11-26T06:35:21","guid":{"rendered":"https:\/\/rna.ao\/rna.ao\/?p=43945"},"modified":"2021-11-27T08:42:54","modified_gmt":"2021-11-27T07:42:54","slug":"noambito-da-auscultacao-publica-deputados-e-membros-do-governo-discutem-oge-para-2022","status":"publish","type":"post","link":"https:\/\/rna.ao\/rna.ao\/2021\/11\/26\/noambito-da-auscultacao-publica-deputados-e-membros-do-governo-discutem-oge-para-2022\/","title":{"rendered":"No \u00e2mbito da ausculta\u00e7\u00e3o p\u00fablica, deputados e membros do Governo discutem OGE para 2022"},"content":{"rendered":"<p><img loading=\"lazy\" class=\"size-full wp-image-42716 alignleft\" src=\"https:\/\/rna.ao\/rna.ao\/wp-content\/uploads\/2021\/11\/Assembleia-Nacional.jpg\" alt=\"\" width=\"300\" height=\"200\" \/>A Assembleia Nacional realiza esta sexta-feira, 26 de Novembro, o encontro com o Ministro de Estado para a Coordena\u00e7\u00e3o Econ\u00f3mica e os \u00f3rg\u00e3os da Administra\u00e7\u00e3o do Estado e Poder Local, no \u00e2mbito da aprecia\u00e7\u00e3o, discuss\u00e3o e vota\u00e7\u00e3o da proposta do Or\u00e7amento Geral do estado para 2022. Clique, no \u00e1udio abaixo, e saiba mais com o rep\u00f3rter Ant\u00f3nio Chocolate:<\/p>\n\t<div class=\"qtmplayer-playlist-large\">\n\t\t<ul class=\"qtmplayer-playlist\">\n\t\t\t\n\t\t\t\t\t<li class=\"qtmplayer-trackitem\">\n\t\t<img src=\"https:\/\/rna.ao\/rna.ao\/wp-content\/uploads\/2021\/11\/Assembleia-Nacional-100x100.jpg\" alt=\"cover\">\t\t<span \t\t\tdata-qtmplayer-cover=\"https:\/\/rna.ao\/rna.ao\/wp-content\/uploads\/2021\/11\/Assembleia-Nacional.jpg\"\n\t\t\t\t\t\tdata-qtmplayer-file=\"https:\/\/rna.ao\/rna.ao\/wp-content\/uploads\/2021\/11\/ANTONIO-CHOCOLATE-7HRS-4.mp3\"\n\t\t\t\t\t\tdata-qtmplayer-title=\"No \u00e2mbito da ausculta\u00e7\u00e3o p\u00fablica, deputados e membros do Governo discutem OGE para 2022\"\n\t\t\t\t\t\tdata-qtmplayer-artist=\"RNA\"\n\t\t\t\t\t\tdata-qtmplayer-link=\"https:\/\/rna.ao\/rna.ao\/2021\/11\/26\/noambito-da-auscultacao-publica-deputados-e-membros-do-governo-discutem-oge-para-2022\/\"\n\t\t\t\t\t\tdata-qtmplayer-icon=\"file_download\"\n\t\t\t\t\t\tdata-qtmplayer-type=\"track\"\n\t\t\t class=\"qtmplayer-play qtmplayer-link-sec qtmplayer-play-btn\"><i class='material-icons'>play_arrow<\/i><\/span>\n\t\t<p>\n\t\t\t<span class=\"qtmplayer-tit\">No \u00e2mbito da ausculta\u00e7\u00e3o p\u00fablica, deputados e membros do Governo discutem OGE para 2022<\/span>\n\t\t\t<span class=\"qtmplayer-art\">RNA<\/span>\n\t\t<\/p>\n\t<\/li>\n\t\t<\/ul>\n\t<\/div>\t\t\t\n\t\n<p>Fonte: RNA<\/p>\n","protected":false},"excerpt":{"rendered":"<p>A Assembleia Nacional realiza esta sexta-feira, 26 de Novembro, o encontro com o Ministro de Estado para a Coordena\u00e7\u00e3o Econ\u00f3mica e os \u00f3rg\u00e3os da Administra\u00e7\u00e3o do Estado e Poder Local, no \u00e2mbito da aprecia\u00e7\u00e3o, discuss\u00e3o e vota\u00e7\u00e3o da proposta do Or\u00e7amento Geral do estado para 2022. Clique, no \u00e1udio abaixo, ...<\/p>\n","protected":false},"author":8,"featured_media":42716,"comment_status":"closed","ping_status":"closed","sticky":false,"template":"","format":"standard","meta":[],"categories":[121],"tags":[],"_links":{"self":[{"href":"https:\/\/rna.ao\/rna.ao\/wp-json\/wp\/v2\/posts\/43945"}],"collection":[{"href":"https:\/\/rna.ao\/rna.ao\/wp-json\/wp\/v2\/posts"}],"about":[{"href":"https:\/\/rna.ao\/rna.ao\/wp-json\/wp\/v2\/types\/post"}],"author":[{"embeddable":true,"href":"https:\/\/rna.ao\/rna.ao\/wp-json\/wp\/v2\/users\/8"}],"replies":[{"embeddable":true,"href":"https:\/\/rna.ao\/rna.ao\/wp-json\/wp\/v2\/comments?post=43945"}],"version-history":[{"count":2,"href":"https:\/\/rna.ao\/rna.ao\/wp-json\/wp\/v2\/posts\/43945\/revisions"}],"predecessor-version":[{"id":43950,"href":"https:\/\/rna.ao\/rna.ao\/wp-json\/wp\/v2\/posts\/43945\/revisions\/43950"}],"wp:featuredmedia":[{"embeddable":true,"href":"https:\/\/rna.ao\/rna.ao\/wp-json\/wp\/v2\/media\/42716"}],"wp:attachment":[{"href":"https:\/\/rna.ao\/rna.ao\/wp-json\/wp\/v2\/media?parent=43945"}],"wp:term":[{"taxonomy":"category","embeddable":true,"href":"https:\/\/rna.ao\/rna.ao\/wp-json\/wp\/v2\/categories?post=43945"},{"taxonomy":"post_tag","embeddable":true,"href":"https:\/\/rna.ao\/rna.ao\/wp-json\/wp\/v2\/tags?post=43945"}],"curies":[{"name":"wp","href":"https:\/\/api.w.org\/{rel}","templated":true}]}}