{"id":43883,"date":"2021-11-25T13:17:53","date_gmt":"2021-11-25T12:17:53","guid":{"rendered":"https:\/\/rna.ao\/rna.ao\/?p=43883"},"modified":"2021-11-25T13:17:53","modified_gmt":"2021-11-25T12:17:53","slug":"ancia-de-86-anos-acusada-de-praticas-de-feiticaria-foi-espancada-ate-a-morte","status":"publish","type":"post","link":"https:\/\/rna.ao\/rna.ao\/2021\/11\/25\/ancia-de-86-anos-acusada-de-praticas-de-feiticaria-foi-espancada-ate-a-morte\/","title":{"rendered":"Anci\u00e3 de 86 anos acusada de pr\u00e1ticas de feiti\u00e7aria foi espancada at\u00e9 a morte"},"content":{"rendered":"<p><img loading=\"lazy\" class=\"size-full wp-image-20633 alignleft\" src=\"https:\/\/rna.ao\/rna.ao\/wp-content\/uploads\/2021\/04\/Flor-da-morte.jpg\" alt=\"\" width=\"256\" height=\"177\" \/>Na prov\u00edncia de Benguela, uma anci\u00e3 de 86 anos foi encontrada morta pelos familiares depois de estar desaparecida perto de uma semana. Segundo apurou os familiares a mesma foi espancada at\u00e9 a morte depois de ter sido acusada de pr\u00e1ticas de feiti\u00e7aria. <em>Ou\u00e7a, no \u00e1udio abaixo, mais dados com o rep\u00f3rter <\/em>Paulo Stone da Concei\u00e7\u00e3o:<\/p>\n\t<div class=\"qtmplayer-playlist-large\">\n\t\t<ul class=\"qtmplayer-playlist\">\n\t\t\t\n\t\t\t\t\t<li class=\"qtmplayer-trackitem\">\n\t\t<img src=\"https:\/\/rna.ao\/rna.ao\/wp-content\/uploads\/2021\/09\/Morte-a-catana-100x100.png\" alt=\"cover\">\t\t<span \t\t\tdata-qtmplayer-cover=\"https:\/\/rna.ao\/rna.ao\/wp-content\/uploads\/2021\/09\/Morte-a-catana.png\"\n\t\t\t\t\t\tdata-qtmplayer-file=\"https:\/\/rna.ao\/rna.ao\/wp-content\/uploads\/2021\/11\/BENGUELA-MORTE-13-HRS.mp3\"\n\t\t\t\t\t\tdata-qtmplayer-title=\"Anci\u00e3 de 86 anos acusada de pr\u00e1ticas de feiti\u00e7aria foi espancada at\u00e9 a morte\"\n\t\t\t\t\t\tdata-qtmplayer-artist=\"RNA\"\n\t\t\t\t\t\tdata-qtmplayer-link=\"https:\/\/rna.ao\/rna.ao\/2021\/11\/25\/ancia-de-86-anos-acusada-de-praticas-de-feiticaria-foi-espancada-ate-a-morte\/\"\n\t\t\t\t\t\tdata-qtmplayer-icon=\"file_download\"\n\t\t\t\t\t\tdata-qtmplayer-type=\"track\"\n\t\t\t class=\"qtmplayer-play qtmplayer-link-sec qtmplayer-play-btn\"><i class='material-icons'>play_arrow<\/i><\/span>\n\t\t<p>\n\t\t\t<span class=\"qtmplayer-tit\">Anci\u00e3 de 86 anos acusada de pr\u00e1ticas de feiti\u00e7aria foi espancada at\u00e9 a morte<\/span>\n\t\t\t<span class=\"qtmplayer-art\">RNA<\/span>\n\t\t<\/p>\n\t<\/li>\n\t\t<\/ul>\n\t<\/div>\t\t\t\n\t\n<p>Fonte: RNA<\/p>\n","protected":false},"excerpt":{"rendered":"<p>Na prov\u00edncia de Benguela, uma anci\u00e3 de 86 anos foi encontrada morta pelos familiares depois de estar desaparecida perto de uma semana. Segundo apurou os familiares a mesma foi espancada at\u00e9 a morte depois de ter sido acusada de pr\u00e1ticas de feiti\u00e7aria. Ou\u00e7a, no \u00e1udio abaixo, mais dados com o ...<\/p>\n","protected":false},"author":8,"featured_media":38110,"comment_status":"closed","ping_status":"closed","sticky":false,"template":"","format":"standard","meta":[],"categories":[142,121,163],"tags":[],"_links":{"self":[{"href":"https:\/\/rna.ao\/rna.ao\/wp-json\/wp\/v2\/posts\/43883"}],"collection":[{"href":"https:\/\/rna.ao\/rna.ao\/wp-json\/wp\/v2\/posts"}],"about":[{"href":"https:\/\/rna.ao\/rna.ao\/wp-json\/wp\/v2\/types\/post"}],"author":[{"embeddable":true,"href":"https:\/\/rna.ao\/rna.ao\/wp-json\/wp\/v2\/users\/8"}],"replies":[{"embeddable":true,"href":"https:\/\/rna.ao\/rna.ao\/wp-json\/wp\/v2\/comments?post=43883"}],"version-history":[{"count":1,"href":"https:\/\/rna.ao\/rna.ao\/wp-json\/wp\/v2\/posts\/43883\/revisions"}],"predecessor-version":[{"id":43885,"href":"https:\/\/rna.ao\/rna.ao\/wp-json\/wp\/v2\/posts\/43883\/revisions\/43885"}],"wp:featuredmedia":[{"embeddable":true,"href":"https:\/\/rna.ao\/rna.ao\/wp-json\/wp\/v2\/media\/38110"}],"wp:attachment":[{"href":"https:\/\/rna.ao\/rna.ao\/wp-json\/wp\/v2\/media?parent=43883"}],"wp:term":[{"taxonomy":"category","embeddable":true,"href":"https:\/\/rna.ao\/rna.ao\/wp-json\/wp\/v2\/categories?post=43883"},{"taxonomy":"post_tag","embeddable":true,"href":"https:\/\/rna.ao\/rna.ao\/wp-json\/wp\/v2\/tags?post=43883"}],"curies":[{"name":"wp","href":"https:\/\/api.w.org\/{rel}","templated":true}]}}