{"id":43860,"date":"2021-11-25T12:24:48","date_gmt":"2021-11-25T11:24:48","guid":{"rendered":"https:\/\/rna.ao\/rna.ao\/?p=43860"},"modified":"2021-11-25T12:24:48","modified_gmt":"2021-11-25T11:24:48","slug":"direccao-provincial-dos-registos-em-cabinda-encerra-terceira-fase-de-implementacao-dos-buaps","status":"publish","type":"post","link":"https:\/\/rna.ao\/rna.ao\/2021\/11\/25\/direccao-provincial-dos-registos-em-cabinda-encerra-terceira-fase-de-implementacao-dos-buaps\/","title":{"rendered":"Direc\u00e7\u00e3o provincial dos registos em Cabinda encerra terceira fase de implementa\u00e7\u00e3o dos BUAP`s"},"content":{"rendered":"<p><img loading=\"lazy\" class=\"size-full wp-image-43863 aligncenter\" src=\"https:\/\/rna.ao\/rna.ao\/wp-content\/uploads\/2021\/11\/buap_zaire_hoje_533916329617e8a9550ac9.jpg\" alt=\"\" width=\"620\" height=\"355\" \/>A cria\u00e7\u00e3o de mais quatro Balc\u00f5es \u00danico de Atendimento ao Publico &#8220;BUAP&#8221;, na prov\u00edncia de Cabinda, encerrou a terceira fase de implementa\u00e7\u00e3o dos mesmo na regi\u00e3o. Os dados foram avan\u00e7ados pelo secret\u00e1rio provincial dos registos, Luis Wilson. <em>Ou\u00e7a, no \u00e1udio abaixo, mais dados:<\/em><\/p>\n\t<div class=\"qtmplayer-playlist-large\">\n\t\t<ul class=\"qtmplayer-playlist\">\n\t\t\t\n\t\t\t\t\t<li class=\"qtmplayer-trackitem\">\n\t\t<img src=\"https:\/\/rna.ao\/rna.ao\/wp-content\/uploads\/2021\/11\/buap_zaire_hoje_533916329617e8a9550ac9-100x100.jpg\" alt=\"cover\">\t\t<span \t\t\tdata-qtmplayer-cover=\"https:\/\/rna.ao\/rna.ao\/wp-content\/uploads\/2021\/11\/buap_zaire_hoje_533916329617e8a9550ac9.jpg\"\n\t\t\t\t\t\tdata-qtmplayer-file=\"https:\/\/rna.ao\/rna.ao\/wp-content\/uploads\/2021\/11\/CABINDA-BUAPS-12HRS.mp3\"\n\t\t\t\t\t\tdata-qtmplayer-title=\"Direc\u00e7\u00e3o provincial dos registos em Cabinda encerra terceira fase de implementa\u00e7\u00e3o dos BUAP`s\"\n\t\t\t\t\t\tdata-qtmplayer-artist=\"RNA\"\n\t\t\t\t\t\tdata-qtmplayer-link=\"https:\/\/rna.ao\/rna.ao\/2021\/11\/25\/direccao-provincial-dos-registos-em-cabinda-encerra-terceira-fase-de-implementacao-dos-buaps\/\"\n\t\t\t\t\t\tdata-qtmplayer-icon=\"file_download\"\n\t\t\t\t\t\tdata-qtmplayer-type=\"track\"\n\t\t\t class=\"qtmplayer-play qtmplayer-link-sec qtmplayer-play-btn\"><i class='material-icons'>play_arrow<\/i><\/span>\n\t\t<p>\n\t\t\t<span class=\"qtmplayer-tit\">Direc\u00e7\u00e3o provincial dos registos em Cabinda encerra terceira fase de implementa\u00e7\u00e3o dos BUAP`s<\/span>\n\t\t\t<span class=\"qtmplayer-art\">RNA<\/span>\n\t\t<\/p>\n\t<\/li>\n\t\t<\/ul>\n\t<\/div>\t\t\t\n\t\n<p>Fonte: RNA<\/p>\n","protected":false},"excerpt":{"rendered":"<p>A cria\u00e7\u00e3o de mais quatro Balc\u00f5es \u00danico de Atendimento ao Publico &#8220;BUAP&#8221;, na prov\u00edncia de Cabinda, encerrou a terceira fase de implementa\u00e7\u00e3o dos mesmo na regi\u00e3o. Os dados foram avan\u00e7ados pelo secret\u00e1rio provincial dos registos, Luis Wilson. Ou\u00e7a, no \u00e1udio abaixo, mais dados: Fonte: RNA<\/p>\n","protected":false},"author":8,"featured_media":43863,"comment_status":"closed","ping_status":"closed","sticky":false,"template":"","format":"standard","meta":[],"categories":[142,121,163],"tags":[],"_links":{"self":[{"href":"https:\/\/rna.ao\/rna.ao\/wp-json\/wp\/v2\/posts\/43860"}],"collection":[{"href":"https:\/\/rna.ao\/rna.ao\/wp-json\/wp\/v2\/posts"}],"about":[{"href":"https:\/\/rna.ao\/rna.ao\/wp-json\/wp\/v2\/types\/post"}],"author":[{"embeddable":true,"href":"https:\/\/rna.ao\/rna.ao\/wp-json\/wp\/v2\/users\/8"}],"replies":[{"embeddable":true,"href":"https:\/\/rna.ao\/rna.ao\/wp-json\/wp\/v2\/comments?post=43860"}],"version-history":[{"count":1,"href":"https:\/\/rna.ao\/rna.ao\/wp-json\/wp\/v2\/posts\/43860\/revisions"}],"predecessor-version":[{"id":43864,"href":"https:\/\/rna.ao\/rna.ao\/wp-json\/wp\/v2\/posts\/43860\/revisions\/43864"}],"wp:featuredmedia":[{"embeddable":true,"href":"https:\/\/rna.ao\/rna.ao\/wp-json\/wp\/v2\/media\/43863"}],"wp:attachment":[{"href":"https:\/\/rna.ao\/rna.ao\/wp-json\/wp\/v2\/media?parent=43860"}],"wp:term":[{"taxonomy":"category","embeddable":true,"href":"https:\/\/rna.ao\/rna.ao\/wp-json\/wp\/v2\/categories?post=43860"},{"taxonomy":"post_tag","embeddable":true,"href":"https:\/\/rna.ao\/rna.ao\/wp-json\/wp\/v2\/tags?post=43860"}],"curies":[{"name":"wp","href":"https:\/\/api.w.org\/{rel}","templated":true}]}}