{"id":43797,"date":"2021-11-25T09:16:27","date_gmt":"2021-11-25T08:16:27","guid":{"rendered":"https:\/\/rna.ao\/rna.ao\/?p=43797"},"modified":"2021-11-25T09:16:27","modified_gmt":"2021-11-25T08:16:27","slug":"eleitos-de-josep-claros-serao-conhecidos-hoje","status":"publish","type":"post","link":"https:\/\/rna.ao\/rna.ao\/2021\/11\/25\/eleitos-de-josep-claros-serao-conhecidos-hoje\/","title":{"rendered":"Eleitos de Josep Clar\u00f3s ser\u00e3o conhecidos hoje"},"content":{"rendered":"<p><img loading=\"lazy\" class=\"size-full wp-image-43031 alignleft\" src=\"https:\/\/rna.ao\/rna.ao\/wp-content\/uploads\/2021\/11\/Pepe-Claros.jpg\" alt=\"\" width=\"304\" height=\"247\" \/>O selecionador angolano, Josep Clar\u00f3s, d\u00e1 a conhecer hoje, 25 de Novembro, os 12 eleitos para a primeira janela de qualifica\u00e7\u00e3o da zona africana ao mundial de 2023, que arranca amanh\u00e3, 26 de Novembro, na cidade de Benguela,\u00a0 com a disputa da primeira jornada dos grupos A e C. O cinco angolano, joga diante da cong\u00e9nere da Costa do Marfim, para a primeira jornada do grupo C. Para o treinador, Josep Clar\u00f3s \u00e9 importante conhecer o potencial de todos os advers\u00e1rios. <em>Ou\u00e7a, no \u00e1udio abaixo, mais dados<\/em><em>:<\/em><\/p>\n\t<div class=\"qtmplayer-playlist-large\">\n\t\t<ul class=\"qtmplayer-playlist\">\n\t\t\t\n\t\t\t\t\t<li class=\"qtmplayer-trackitem\">\n\t\t<img src=\"https:\/\/rna.ao\/rna.ao\/wp-content\/uploads\/2021\/11\/Josep-Claros-100x100.jpg\" alt=\"cover\">\t\t<span \t\t\tdata-qtmplayer-cover=\"https:\/\/rna.ao\/rna.ao\/wp-content\/uploads\/2021\/11\/Josep-Claros.jpg\"\n\t\t\t\t\t\tdata-qtmplayer-file=\"https:\/\/rna.ao\/rna.ao\/wp-content\/uploads\/2021\/11\/P-A-1-PEPE-CLAROS-25-11-21.mp3\"\n\t\t\t\t\t\tdata-qtmplayer-title=\"Eleitos de Josep Clar\u00f3s ser\u00e3o conhecidos hoje\"\n\t\t\t\t\t\tdata-qtmplayer-artist=\"RNA\"\n\t\t\t\t\t\tdata-qtmplayer-link=\"https:\/\/rna.ao\/rna.ao\/2021\/11\/25\/eleitos-de-josep-claros-serao-conhecidos-hoje\/\"\n\t\t\t\t\t\tdata-qtmplayer-icon=\"file_download\"\n\t\t\t\t\t\tdata-qtmplayer-type=\"track\"\n\t\t\t class=\"qtmplayer-play qtmplayer-link-sec qtmplayer-play-btn\"><i class='material-icons'>play_arrow<\/i><\/span>\n\t\t<p>\n\t\t\t<span class=\"qtmplayer-tit\">Eleitos de Josep Clar\u00f3s ser\u00e3o conhecidos hoje<\/span>\n\t\t\t<span class=\"qtmplayer-art\">RNA<\/span>\n\t\t<\/p>\n\t<\/li>\n\t\t<\/ul>\n\t<\/div>\t\t\t\n\t\n<p>Amanh\u00e3 come\u00e7a caminhada rumo ao mundial da \u00c1sia em 2023. Os angolanos estreiam-se diante da Cote Divoire para o grupo C, que reserva tamb\u00e9m a Guin\u00e9 e Rep\u00fablica Centro Africana. Mali, Cabo Verde, Nig\u00e9ria e Uganda figuram no grupo A.<\/p>\n<p>Fonte: R\u00c1DIO CINCO<\/p>\n","protected":false},"excerpt":{"rendered":"<p>O selecionador angolano, Josep Clar\u00f3s, d\u00e1 a conhecer hoje, 25 de Novembro, os 12 eleitos para a primeira janela de qualifica\u00e7\u00e3o da zona africana ao mundial de 2023, que arranca amanh\u00e3, 26 de Novembro, na cidade de Benguela,\u00a0 com a disputa da primeira jornada dos grupos A e C. O ...<\/p>\n","protected":false},"author":8,"featured_media":43799,"comment_status":"closed","ping_status":"closed","sticky":false,"template":"","format":"standard","meta":[],"categories":[145,125],"tags":[],"_links":{"self":[{"href":"https:\/\/rna.ao\/rna.ao\/wp-json\/wp\/v2\/posts\/43797"}],"collection":[{"href":"https:\/\/rna.ao\/rna.ao\/wp-json\/wp\/v2\/posts"}],"about":[{"href":"https:\/\/rna.ao\/rna.ao\/wp-json\/wp\/v2\/types\/post"}],"author":[{"embeddable":true,"href":"https:\/\/rna.ao\/rna.ao\/wp-json\/wp\/v2\/users\/8"}],"replies":[{"embeddable":true,"href":"https:\/\/rna.ao\/rna.ao\/wp-json\/wp\/v2\/comments?post=43797"}],"version-history":[{"count":1,"href":"https:\/\/rna.ao\/rna.ao\/wp-json\/wp\/v2\/posts\/43797\/revisions"}],"predecessor-version":[{"id":43801,"href":"https:\/\/rna.ao\/rna.ao\/wp-json\/wp\/v2\/posts\/43797\/revisions\/43801"}],"wp:featuredmedia":[{"embeddable":true,"href":"https:\/\/rna.ao\/rna.ao\/wp-json\/wp\/v2\/media\/43799"}],"wp:attachment":[{"href":"https:\/\/rna.ao\/rna.ao\/wp-json\/wp\/v2\/media?parent=43797"}],"wp:term":[{"taxonomy":"category","embeddable":true,"href":"https:\/\/rna.ao\/rna.ao\/wp-json\/wp\/v2\/categories?post=43797"},{"taxonomy":"post_tag","embeddable":true,"href":"https:\/\/rna.ao\/rna.ao\/wp-json\/wp\/v2\/tags?post=43797"}],"curies":[{"name":"wp","href":"https:\/\/api.w.org\/{rel}","templated":true}]}}