{"id":43554,"date":"2021-11-23T10:42:59","date_gmt":"2021-11-23T09:42:59","guid":{"rendered":"https:\/\/rna.ao\/rna.ao\/?p=43554"},"modified":"2021-11-23T10:42:59","modified_gmt":"2021-11-23T09:42:59","slug":"atraso-na-conclusao-dos-trabalhos-de-substituicao-de-cabo-de-media-tensao-provoca-complicacoes-ao-transito-na-avenida-deolinda-rodrigues","status":"publish","type":"post","link":"https:\/\/rna.ao\/rna.ao\/2021\/11\/23\/atraso-na-conclusao-dos-trabalhos-de-substituicao-de-cabo-de-media-tensao-provoca-complicacoes-ao-transito-na-avenida-deolinda-rodrigues\/","title":{"rendered":"Atraso na conclus\u00e3o dos trabalhos de substitui\u00e7\u00e3o de cabo de m\u00e9dia tens\u00e3o provoca complica\u00e7\u00f5es ao tr\u00e2nsito na avenida Deolinda Rodrigues"},"content":{"rendered":"<p><img loading=\"lazy\" class=\"size-medium wp-image-43557 aligncenter\" src=\"https:\/\/rna.ao\/rna.ao\/wp-content\/uploads\/2021\/11\/51086164806_e8fba2a32b_o-scaled-1-770x513.jpg\" alt=\"\" width=\"770\" height=\"513\" srcset=\"https:\/\/rna.ao\/rna.ao\/wp-content\/uploads\/2021\/11\/51086164806_e8fba2a32b_o-scaled-1-770x513.jpg 770w, https:\/\/rna.ao\/rna.ao\/wp-content\/uploads\/2021\/11\/51086164806_e8fba2a32b_o-scaled-1-1170x780.jpg 1170w, https:\/\/rna.ao\/rna.ao\/wp-content\/uploads\/2021\/11\/51086164806_e8fba2a32b_o-scaled-1-768x512.jpg 768w, https:\/\/rna.ao\/rna.ao\/wp-content\/uploads\/2021\/11\/51086164806_e8fba2a32b_o-scaled-1-1536x1024.jpg 1536w, https:\/\/rna.ao\/rna.ao\/wp-content\/uploads\/2021\/11\/51086164806_e8fba2a32b_o-scaled-1-2048x1366.jpg 2048w\" sizes=\"(max-width: 770px) 100vw, 770px\" \/>Atraso na conclus\u00e3o dos trabalhos de substitui\u00e7\u00e3o de um cabo de 60 quilovolt na Avenida Deolinda Rodrigues, est\u00e1 na origem dos transtornos na circula\u00e7\u00e3o rodovi\u00e1ria na zona do Zango. Segundo o porta-voz da ENDE, Lauro Fortunato, o cabo que interliga as subesta\u00e7\u00f5es da Cuca e da Maianga. Saiba mais, no \u00e1udio abaixo:<\/p>\n\t<div class=\"qtmplayer-playlist-large\">\n\t\t<ul class=\"qtmplayer-playlist\">\n\t\t\t\n\t\t\t\t\t<li class=\"qtmplayer-trackitem\">\n\t\t<img src=\"https:\/\/rna.ao\/rna.ao\/wp-content\/uploads\/2021\/11\/20150403091459rua_machado-100x100.jpg\" alt=\"cover\">\t\t<span \t\t\tdata-qtmplayer-cover=\"https:\/\/rna.ao\/rna.ao\/wp-content\/uploads\/2021\/11\/20150403091459rua_machado.jpg\"\n\t\t\t\t\t\tdata-qtmplayer-file=\"https:\/\/rna.ao\/rna.ao\/wp-content\/uploads\/2021\/11\/LAURO-FURTUNATO-VIA.mp3\"\n\t\t\t\t\t\tdata-qtmplayer-title=\"Atraso na conclus\u00e3o dos trabalhos de substitui\u00e7\u00e3o de cabo de m\u00e9dia tens\u00e3o provoca complica\u00e7\u00f5es ao tr\u00e2nsito na avenida Deolinda Rodrigues\"\n\t\t\t\t\t\tdata-qtmplayer-artist=\"RNA\"\n\t\t\t\t\t\tdata-qtmplayer-link=\"https:\/\/rna.ao\/rna.ao\/2021\/11\/23\/atraso-na-conclusao-dos-trabalhos-de-substituicao-de-cabo-de-media-tensao-provoca-complicacoes-ao-transito-na-avenida-deolinda-rodrigues\/\"\n\t\t\t\t\t\tdata-qtmplayer-icon=\"file_download\"\n\t\t\t\t\t\tdata-qtmplayer-type=\"track\"\n\t\t\t class=\"qtmplayer-play qtmplayer-link-sec qtmplayer-play-btn\"><i class='material-icons'>play_arrow<\/i><\/span>\n\t\t<p>\n\t\t\t<span class=\"qtmplayer-tit\">Atraso na conclus\u00e3o dos trabalhos de substitui\u00e7\u00e3o de cabo de m\u00e9dia tens\u00e3o provoca complica\u00e7\u00f5es ao tr\u00e2nsito na avenida Deolinda Rodrigues<\/span>\n\t\t\t<span class=\"qtmplayer-art\">RNA<\/span>\n\t\t<\/p>\n\t<\/li>\n\t\t<\/ul>\n\t<\/div>\t\t\t\n\t\n<p>Fonte: RNA<\/p>\n","protected":false},"excerpt":{"rendered":"<p>Atraso na conclus\u00e3o dos trabalhos de substitui\u00e7\u00e3o de um cabo de 60 quilovolt na Avenida Deolinda Rodrigues, est\u00e1 na origem dos transtornos na circula\u00e7\u00e3o rodovi\u00e1ria na zona do Zango. Segundo o porta-voz da ENDE, Lauro Fortunato, o cabo que interliga as subesta\u00e7\u00f5es da Cuca e da Maianga. Saiba mais, no ...<\/p>\n","protected":false},"author":8,"featured_media":43558,"comment_status":"closed","ping_status":"closed","sticky":false,"template":"","format":"standard","meta":[],"categories":[141,133],"tags":[],"_links":{"self":[{"href":"https:\/\/rna.ao\/rna.ao\/wp-json\/wp\/v2\/posts\/43554"}],"collection":[{"href":"https:\/\/rna.ao\/rna.ao\/wp-json\/wp\/v2\/posts"}],"about":[{"href":"https:\/\/rna.ao\/rna.ao\/wp-json\/wp\/v2\/types\/post"}],"author":[{"embeddable":true,"href":"https:\/\/rna.ao\/rna.ao\/wp-json\/wp\/v2\/users\/8"}],"replies":[{"embeddable":true,"href":"https:\/\/rna.ao\/rna.ao\/wp-json\/wp\/v2\/comments?post=43554"}],"version-history":[{"count":1,"href":"https:\/\/rna.ao\/rna.ao\/wp-json\/wp\/v2\/posts\/43554\/revisions"}],"predecessor-version":[{"id":43559,"href":"https:\/\/rna.ao\/rna.ao\/wp-json\/wp\/v2\/posts\/43554\/revisions\/43559"}],"wp:featuredmedia":[{"embeddable":true,"href":"https:\/\/rna.ao\/rna.ao\/wp-json\/wp\/v2\/media\/43558"}],"wp:attachment":[{"href":"https:\/\/rna.ao\/rna.ao\/wp-json\/wp\/v2\/media?parent=43554"}],"wp:term":[{"taxonomy":"category","embeddable":true,"href":"https:\/\/rna.ao\/rna.ao\/wp-json\/wp\/v2\/categories?post=43554"},{"taxonomy":"post_tag","embeddable":true,"href":"https:\/\/rna.ao\/rna.ao\/wp-json\/wp\/v2\/tags?post=43554"}],"curies":[{"name":"wp","href":"https:\/\/api.w.org\/{rel}","templated":true}]}}