{"id":43536,"date":"2021-11-23T08:12:52","date_gmt":"2021-11-23T07:12:52","guid":{"rendered":"https:\/\/rna.ao\/rna.ao\/?p=43536"},"modified":"2021-11-23T08:12:52","modified_gmt":"2021-11-23T07:12:52","slug":"cerca-de-740-novos-projectos-do-piim-estao-em-fase-de-conclusao","status":"publish","type":"post","link":"https:\/\/rna.ao\/rna.ao\/2021\/11\/23\/cerca-de-740-novos-projectos-do-piim-estao-em-fase-de-conclusao\/","title":{"rendered":"Cerca de 740 novos projectos do PIIM est\u00e3o em fase de conclus\u00e3o"},"content":{"rendered":"<p><img loading=\"lazy\" class=\"size-full wp-image-43538 alignleft\" src=\"https:\/\/rna.ao\/rna.ao\/wp-content\/uploads\/2021\/11\/Marcio-daniel.jpg\" alt=\"\" width=\"275\" height=\"183\" \/>Mais de mil e setecentos projectos do Programa Integrado de Interven\u00e7\u00e3o nos Munic\u00edpios (PIIM) est\u00e3o em execu\u00e7\u00e3o, neste momento. Deste n\u00famero, de acordo o porta-voz da Comiss\u00e3o Ministerial do PIIM, M\u00e1rcio Daniel, durante o encontro de balan\u00e7o, cerca de setecentos e quarenta novos projectos est\u00e3o em fase de conclus\u00e3o. Clique, no \u00e1udio abaixo, e saiba mais na reportagem da Paulina da Concei\u00e7\u00e3o:<\/p>\n\t<div class=\"qtmplayer-playlist-large\">\n\t\t<ul class=\"qtmplayer-playlist\">\n\t\t\t\n\t\t\t\t\t<li class=\"qtmplayer-trackitem\">\n\t\t<img src=\"https:\/\/rna.ao\/rna.ao\/wp-content\/uploads\/2021\/11\/Marcio-daniel-100x100.jpg\" alt=\"cover\">\t\t<span \t\t\tdata-qtmplayer-cover=\"https:\/\/rna.ao\/rna.ao\/wp-content\/uploads\/2021\/11\/Marcio-daniel.jpg\"\n\t\t\t\t\t\tdata-qtmplayer-file=\"https:\/\/rna.ao\/rna.ao\/wp-content\/uploads\/2021\/11\/PAULINA-DA-CONCEICAO-PIIM-07HRS.mp3\"\n\t\t\t\t\t\tdata-qtmplayer-title=\"Cerca de 740 novos projectos do PIIM est\u00e3o em fase de conclus\u00e3o\"\n\t\t\t\t\t\tdata-qtmplayer-artist=\"RNA\"\n\t\t\t\t\t\tdata-qtmplayer-link=\"https:\/\/rna.ao\/rna.ao\/2021\/11\/23\/cerca-de-740-novos-projectos-do-piim-estao-em-fase-de-conclusao\/\"\n\t\t\t\t\t\tdata-qtmplayer-icon=\"file_download\"\n\t\t\t\t\t\tdata-qtmplayer-type=\"track\"\n\t\t\t class=\"qtmplayer-play qtmplayer-link-sec qtmplayer-play-btn\"><i class='material-icons'>play_arrow<\/i><\/span>\n\t\t<p>\n\t\t\t<span class=\"qtmplayer-tit\">Cerca de 740 novos projectos do PIIM est\u00e3o em fase de conclus\u00e3o<\/span>\n\t\t\t<span class=\"qtmplayer-art\">RNA<\/span>\n\t\t<\/p>\n\t<\/li>\n\t\t<\/ul>\n\t<\/div>\t\t\t\n\t\n<p>Fonte: RNA<\/p>\n","protected":false},"excerpt":{"rendered":"<p>Mais de mil e setecentos projectos do Programa Integrado de Interven\u00e7\u00e3o nos Munic\u00edpios (PIIM) est\u00e3o em execu\u00e7\u00e3o, neste momento. Deste n\u00famero, de acordo o porta-voz da Comiss\u00e3o Ministerial do PIIM, M\u00e1rcio Daniel, durante o encontro de balan\u00e7o, cerca de setecentos e quarenta novos projectos est\u00e3o em fase de conclus\u00e3o. Clique, ...<\/p>\n","protected":false},"author":8,"featured_media":43538,"comment_status":"closed","ping_status":"closed","sticky":false,"template":"","format":"standard","meta":[],"categories":[121,163],"tags":[],"_links":{"self":[{"href":"https:\/\/rna.ao\/rna.ao\/wp-json\/wp\/v2\/posts\/43536"}],"collection":[{"href":"https:\/\/rna.ao\/rna.ao\/wp-json\/wp\/v2\/posts"}],"about":[{"href":"https:\/\/rna.ao\/rna.ao\/wp-json\/wp\/v2\/types\/post"}],"author":[{"embeddable":true,"href":"https:\/\/rna.ao\/rna.ao\/wp-json\/wp\/v2\/users\/8"}],"replies":[{"embeddable":true,"href":"https:\/\/rna.ao\/rna.ao\/wp-json\/wp\/v2\/comments?post=43536"}],"version-history":[{"count":1,"href":"https:\/\/rna.ao\/rna.ao\/wp-json\/wp\/v2\/posts\/43536\/revisions"}],"predecessor-version":[{"id":43539,"href":"https:\/\/rna.ao\/rna.ao\/wp-json\/wp\/v2\/posts\/43536\/revisions\/43539"}],"wp:featuredmedia":[{"embeddable":true,"href":"https:\/\/rna.ao\/rna.ao\/wp-json\/wp\/v2\/media\/43538"}],"wp:attachment":[{"href":"https:\/\/rna.ao\/rna.ao\/wp-json\/wp\/v2\/media?parent=43536"}],"wp:term":[{"taxonomy":"category","embeddable":true,"href":"https:\/\/rna.ao\/rna.ao\/wp-json\/wp\/v2\/categories?post=43536"},{"taxonomy":"post_tag","embeddable":true,"href":"https:\/\/rna.ao\/rna.ao\/wp-json\/wp\/v2\/tags?post=43536"}],"curies":[{"name":"wp","href":"https:\/\/api.w.org\/{rel}","templated":true}]}}