{"id":43529,"date":"2021-11-23T08:06:20","date_gmt":"2021-11-23T07:06:20","guid":{"rendered":"https:\/\/rna.ao\/rna.ao\/?p=43529"},"modified":"2021-11-23T08:28:24","modified_gmt":"2021-11-23T07:28:24","slug":"agt-vai-criar-postos-em-todas-aas-comunas-e-municipios-do-pais","status":"publish","type":"post","link":"https:\/\/rna.ao\/rna.ao\/2021\/11\/23\/agt-vai-criar-postos-em-todas-aas-comunas-e-municipios-do-pais\/","title":{"rendered":"AGT vai criar postos em todas as Comunas e Munic\u00edpios do Pa\u00eds"},"content":{"rendered":"<p><img loading=\"lazy\" class=\"size-full wp-image-30524 alignleft\" src=\"https:\/\/rna.ao\/rna.ao\/wp-content\/uploads\/2021\/07\/Claudino-Paulino-dos-Santos.jpg\" alt=\"\" width=\"308\" height=\"205\" \/>A Administra\u00e7\u00e3o Geral Tribut\u00e1ria (AGT) vai criar postos fiscais nas Comunas e Munic\u00edpios do pa\u00eds, para facilitar o pagamento de impostos e diminuir as dist\u00e2ncias percorridas pelo contribuintes. O anuncio foi feito na cidade do Cuito, Prov\u00edncia do Bi\u00e9, pelo Presidente do Conselho de Administra\u00e7\u00e3o da AGT, Claudino Paulino dos Santos. saiba mais, no \u00e1udio abaixo, com o rep\u00f3rter Belmiro dos Santos:<\/p>\n\t<div class=\"qtmplayer-playlist-large\">\n\t\t<ul class=\"qtmplayer-playlist\">\n\t\t\t\n\t\t\t\t\t<li class=\"qtmplayer-trackitem\">\n\t\t<img src=\"https:\/\/rna.ao\/rna.ao\/wp-content\/uploads\/2021\/07\/Claudino-Paulino-dos-Santos-100x100.jpg\" alt=\"cover\">\t\t<span \t\t\tdata-qtmplayer-cover=\"https:\/\/rna.ao\/rna.ao\/wp-content\/uploads\/2021\/07\/Claudino-Paulino-dos-Santos.jpg\"\n\t\t\t\t\t\tdata-qtmplayer-file=\"https:\/\/rna.ao\/rna.ao\/wp-content\/uploads\/2021\/11\/BIE-AGT-07HS.mp3\"\n\t\t\t\t\t\tdata-qtmplayer-title=\"AGT vai criar postos em todas as Comunas e Munic\u00edpios do Pa\u00eds\"\n\t\t\t\t\t\tdata-qtmplayer-artist=\"RNA\"\n\t\t\t\t\t\tdata-qtmplayer-link=\"https:\/\/rna.ao\/rna.ao\/2021\/11\/23\/agt-vai-criar-postos-em-todas-aas-comunas-e-municipios-do-pais\/\"\n\t\t\t\t\t\tdata-qtmplayer-icon=\"file_download\"\n\t\t\t\t\t\tdata-qtmplayer-type=\"track\"\n\t\t\t class=\"qtmplayer-play qtmplayer-link-sec qtmplayer-play-btn\"><i class='material-icons'>play_arrow<\/i><\/span>\n\t\t<p>\n\t\t\t<span class=\"qtmplayer-tit\">AGT vai criar postos em todas as Comunas e Munic\u00edpios do Pa\u00eds<\/span>\n\t\t\t<span class=\"qtmplayer-art\">RNA<\/span>\n\t\t<\/p>\n\t<\/li>\n\t\t<\/ul>\n\t<\/div>\t\t\t\n\t\n<p>Fonte: RNA<\/p>\n","protected":false},"excerpt":{"rendered":"<p>A Administra\u00e7\u00e3o Geral Tribut\u00e1ria (AGT) vai criar postos fiscais nas Comunas e Munic\u00edpios do pa\u00eds, para facilitar o pagamento de impostos e diminuir as dist\u00e2ncias percorridas pelo contribuintes. O anuncio foi feito na cidade do Cuito, Prov\u00edncia do Bi\u00e9, pelo Presidente do Conselho de Administra\u00e7\u00e3o da AGT, Claudino Paulino dos ...<\/p>\n","protected":false},"author":8,"featured_media":30524,"comment_status":"closed","ping_status":"closed","sticky":false,"template":"","format":"standard","meta":[],"categories":[121,163],"tags":[],"_links":{"self":[{"href":"https:\/\/rna.ao\/rna.ao\/wp-json\/wp\/v2\/posts\/43529"}],"collection":[{"href":"https:\/\/rna.ao\/rna.ao\/wp-json\/wp\/v2\/posts"}],"about":[{"href":"https:\/\/rna.ao\/rna.ao\/wp-json\/wp\/v2\/types\/post"}],"author":[{"embeddable":true,"href":"https:\/\/rna.ao\/rna.ao\/wp-json\/wp\/v2\/users\/8"}],"replies":[{"embeddable":true,"href":"https:\/\/rna.ao\/rna.ao\/wp-json\/wp\/v2\/comments?post=43529"}],"version-history":[{"count":2,"href":"https:\/\/rna.ao\/rna.ao\/wp-json\/wp\/v2\/posts\/43529\/revisions"}],"predecessor-version":[{"id":43545,"href":"https:\/\/rna.ao\/rna.ao\/wp-json\/wp\/v2\/posts\/43529\/revisions\/43545"}],"wp:featuredmedia":[{"embeddable":true,"href":"https:\/\/rna.ao\/rna.ao\/wp-json\/wp\/v2\/media\/30524"}],"wp:attachment":[{"href":"https:\/\/rna.ao\/rna.ao\/wp-json\/wp\/v2\/media?parent=43529"}],"wp:term":[{"taxonomy":"category","embeddable":true,"href":"https:\/\/rna.ao\/rna.ao\/wp-json\/wp\/v2\/categories?post=43529"},{"taxonomy":"post_tag","embeddable":true,"href":"https:\/\/rna.ao\/rna.ao\/wp-json\/wp\/v2\/tags?post=43529"}],"curies":[{"name":"wp","href":"https:\/\/api.w.org\/{rel}","templated":true}]}}